{"id":1069,"date":"2015-09-16T08:53:34","date_gmt":"2015-09-16T08:53:34","guid":{"rendered":"http:\/\/www.ambershades.cz\/?p=1069"},"modified":"2018-05-15T11:08:50","modified_gmt":"2018-05-15T11:08:50","slug":"lecba-dasni-u-psa","status":"publish","type":"post","link":"https:\/\/www.ambershades.cz\/en\/lecba-dasni-u-psa\/","title":{"rendered":"<!--:cs-->L\u00e9\u010dba d\u00e1sn\u00ed u psa<!--:--><!--:en-->Gingivitis in dogs<!--:-->"},"content":{"rendered":"<p><!--:cs-->Zuby na\u0161ich ps\u016f pravideln\u011b \u010dist\u00edm a sund\u00e1v\u00e1m zubn\u00ed k\u00e1men. Bohu\u017eel u <a href=\"http:\/\/www.ambershades.cz\/en\/feny\/tess\/\">Tessinky<\/a> se mi \u00a0poda\u0159ilo p\u0159ehl\u00e9dnout z\u00e1n\u011bt d\u00e1sn\u00ed u \u0159ez\u00e1k\u016f. Hlavn\u00ed d\u016fvod, pro\u010d k n\u011bmu do\u0161lo je velikost tlamy vs. zub\u016f. \u0158ez\u00e1ky tam jsou tam naskl\u00e1dan\u00e9\u00a0jeden na druh\u00e9m bez mezer, tak\u017ee se mezi nimi usadil zubn\u00ed k\u00e1men, ke kter\u00e9mu se moc ne\u0161lo dostat a bylo to. P\u0159i\u0161li jsme na to a\u017e v momentu, kdy\u017e odstoupila \u010d\u00e1st d\u00e1sn\u011b.<\/p>\n<p>V \u010dervnu n\u00e1m nav\u00edc\u00a0Tessinka t\u00e9m\u011b\u0159 kompletn\u011b od krku dol\u016f ochrnula a tak zuby opravdu nebyly priorita.\u00a0Te\u010f u\u017e na\u0161t\u011bst\u00ed n\u011bjak\u00fdm zp\u016fsobem chod\u00ed a funguje. Ale bohu\u017eel\u00a0je u\u017e v\u011bt\u0161ina zub\u016f ve &#8222;vich\u0159ici&#8220; a chystaj\u00ed se vypadnout.<\/p>\n<p><img loading=\"lazy\" decoding=\"async\" class=\"aligncenter size-medium wp-image-1070\" src=\"http:\/\/www.ambershades.cz\/wp-content\/uploads\/2015\/09\/zuby-tess-300x169.jpg\" alt=\"zuby-tess\" width=\"300\" height=\"169\" srcset=\"https:\/\/www.ambershades.cz\/wp-content\/uploads\/2015\/09\/zuby-tess-300x169.jpg 300w, https:\/\/www.ambershades.cz\/wp-content\/uploads\/2015\/09\/zuby-tess-500x282.jpg 500w, https:\/\/www.ambershades.cz\/wp-content\/uploads\/2015\/09\/zuby-tess.jpg 920w\" sizes=\"auto, (max-width: 300px) 100vw, 300px\" \/><\/p>\n<p>Na posti\u017een\u00e1 m\u00edsta ma\u017eeme\u00a0<a href=\"http:\/\/www.aktivnizvire.cz\/hojeni-dasni?utm_camaign=DW\">gel na l\u00e9\u010dbu d\u00e1sn\u00ed\u00a0Dentaren<\/a>. Zkou\u0161\u00edme mazat zarudl\u00e9 d\u00e1sn\u011b kolem k\u00fdvaj\u00edc\u00edch se zub\u016f. V tento moment n\u00e1s to p\u0159ed vypadnut\u00edm zub\u016f u\u017e opravdu nezachr\u00e1n\u00ed, ale je snaha trochu zklidnit d\u00e1se\u0148 a nav\u00edc vyu\u017e\u00edt antiseptick\u00e9ho \u00fa\u010dinku gelu. Jsme na za\u010d\u00e1tku, ma\u017eeme\u00a0asi t\u0159et\u00ed den, tak\u017ee na v\u00fdsledky \u010dek\u00e1me. Pokud se to osv\u011bd\u010d\u00ed, ur\u010dit\u011b o Dentarenu je\u0161t\u011b nap\u00ed\u0161u.<\/p>\n<p><img loading=\"lazy\" decoding=\"async\" class=\"aligncenter size-medium wp-image-1074\" src=\"http:\/\/www.ambershades.cz\/wp-content\/uploads\/2015\/09\/dentaren-300x169.jpg\" alt=\"dentaren\" width=\"300\" height=\"169\" srcset=\"https:\/\/www.ambershades.cz\/wp-content\/uploads\/2015\/09\/dentaren-300x169.jpg 300w, https:\/\/www.ambershades.cz\/wp-content\/uploads\/2015\/09\/dentaren-1024x576.jpg 1024w, https:\/\/www.ambershades.cz\/wp-content\/uploads\/2015\/09\/dentaren-500x281.jpg 500w, https:\/\/www.ambershades.cz\/wp-content\/uploads\/2015\/09\/dentaren.jpg 1143w\" sizes=\"auto, (max-width: 300px) 100vw, 300px\" \/><\/p>\n<p>Je\u0161t\u011b se chyst\u00e1m gel pou\u017e\u00edt, a\u017e budou <a href=\"http:\/\/www.ambershades.cz\/en\/stenata\/\">\u0161\u0165\u011bnda<\/a> m\u011bnit zuby.<\/p>\n<p>Co si od d\u00edt\u011bte pamatuji, v na\u0161\u00ed &#8222;zubn\u00ed&#8220; rodin\u011b jsme (sice lidsk\u00fd) mas\u00e1\u017en\u00ed gel na d\u00e1sn\u011b pou\u017e\u00edvali na cokoliv od \u0161t\u00edpnut\u00ed hmyzem po od\u0159eniny. <a href=\"http:\/\/www.ambershades.cz\/en\/psi\/donatello\/\">Donatello<\/a> si p\u0159ed 14 dny\u00a0o\u0161kliv\u011b do hloubky vyl\u00edzal od\u011brku od strojku. Po t\u00fddnu, co to jen mokvalo a j\u00e1 u\u017e nev\u011bd\u011bla co s t\u00edm, jsem asi dvakr\u00e1t m\u00e1zla Dentaren a pak to kone\u010dn\u011b zaschlo a za\u010dalo se to hojit.<!--:--><!--:en-->We are testing <a href=\"http:\/\/www.aktivnizvire.cz\/hojeni-dasni\">Dentaren <\/a>gel for the treatment of\u00a0<a href=\"http:\/\/www.ambershades.cz\/en\/feny\/tess\/\">Tess<\/a>&#8218; gingivitis. I will write more about it in case it helps.<\/p>\n<p><img loading=\"lazy\" decoding=\"async\" class=\"aligncenter size-medium wp-image-1074\" src=\"http:\/\/www.ambershades.cz\/wp-content\/uploads\/2015\/09\/dentaren-300x169.jpg\" alt=\"dentaren\" width=\"300\" height=\"169\" srcset=\"https:\/\/www.ambershades.cz\/wp-content\/uploads\/2015\/09\/dentaren-300x169.jpg 300w, https:\/\/www.ambershades.cz\/wp-content\/uploads\/2015\/09\/dentaren-1024x576.jpg 1024w, https:\/\/www.ambershades.cz\/wp-content\/uploads\/2015\/09\/dentaren-500x281.jpg 500w, https:\/\/www.ambershades.cz\/wp-content\/uploads\/2015\/09\/dentaren.jpg 1143w\" sizes=\"auto, (max-width: 300px) 100vw, 300px\" \/> <img loading=\"lazy\" decoding=\"async\" class=\"aligncenter size-medium wp-image-1070\" src=\"http:\/\/www.ambershades.cz\/wp-content\/uploads\/2015\/09\/zuby-tess-300x169.jpg\" alt=\"zuby-tess\" width=\"300\" height=\"169\" srcset=\"https:\/\/www.ambershades.cz\/wp-content\/uploads\/2015\/09\/zuby-tess-300x169.jpg 300w, https:\/\/www.ambershades.cz\/wp-content\/uploads\/2015\/09\/zuby-tess-500x282.jpg 500w, https:\/\/www.ambershades.cz\/wp-content\/uploads\/2015\/09\/zuby-tess.jpg 920w\" sizes=\"auto, (max-width: 300px) 100vw, 300px\" \/><!--:--><\/p>","protected":false},"excerpt":{"rendered":"<p>Zuby na\u0161ich ps\u016f pravideln\u011b \u010dist\u00edm a sund\u00e1v\u00e1m zubn\u00ed k\u00e1men. Bohu\u017eel u Tessinky se mi \u00a0poda\u0159ilo p\u0159ehl\u00e9dnout z\u00e1n\u011bt d\u00e1sn\u00ed u \u0159ez\u00e1k\u016f.&hellip;<\/p>","protected":false},"author":1,"featured_media":0,"comment_status":"closed","ping_status":"open","sticky":false,"template":"","format":"standard","meta":{"_monsterinsights_skip_tracking":false,"footnotes":""},"categories":[1],"tags":[20],"class_list":["post-1069","post","type-post","status-publish","format-standard","hentry","category-blog","tag-recenze","no-post-thumbnail"],"_links":{"self":[{"href":"https:\/\/www.ambershades.cz\/en\/wp-json\/wp\/v2\/posts\/1069","targetHints":{"allow":["GET"]}}],"collection":[{"href":"https:\/\/www.ambershades.cz\/en\/wp-json\/wp\/v2\/posts"}],"about":[{"href":"https:\/\/www.ambershades.cz\/en\/wp-json\/wp\/v2\/types\/post"}],"author":[{"embeddable":true,"href":"https:\/\/www.ambershades.cz\/en\/wp-json\/wp\/v2\/users\/1"}],"replies":[{"embeddable":true,"href":"https:\/\/www.ambershades.cz\/en\/wp-json\/wp\/v2\/comments?post=1069"}],"version-history":[{"count":7,"href":"https:\/\/www.ambershades.cz\/en\/wp-json\/wp\/v2\/posts\/1069\/revisions"}],"predecessor-version":[{"id":1079,"href":"https:\/\/www.ambershades.cz\/en\/wp-json\/wp\/v2\/posts\/1069\/revisions\/1079"}],"wp:attachment":[{"href":"https:\/\/www.ambershades.cz\/en\/wp-json\/wp\/v2\/media?parent=1069"}],"wp:term":[{"taxonomy":"category","embeddable":true,"href":"https:\/\/www.ambershades.cz\/en\/wp-json\/wp\/v2\/categories?post=1069"},{"taxonomy":"post_tag","embeddable":true,"href":"https:\/\/www.ambershades.cz\/en\/wp-json\/wp\/v2\/tags?post=1069"}],"curies":[{"name":"wp","href":"https:\/\/api.w.org\/{rel}","templated":true}]}}