{"id":1080,"date":"2015-09-05T08:20:28","date_gmt":"2015-09-05T08:20:28","guid":{"rendered":"http:\/\/www.ambershades.cz\/?p=1080"},"modified":"2018-05-15T11:08:50","modified_gmt":"2018-05-15T11:08:50","slug":"krajska-vystava-dzban","status":"publish","type":"post","link":"https:\/\/www.ambershades.cz\/en\/krajska-vystava-dzban\/","title":{"rendered":"<!--:cs-->Krajsk\u00e1 v\u00fdstava D\u017eb\u00e1n<!--:--><!--:en-->Regional Dogshow D\u017eb\u00e1n (CZ)<!--:-->"},"content":{"rendered":"<p><!--:cs-->V sobotu 5. z\u00e1\u0159\u00ed jsme se s <a href=\"http:\/\/www.ambershades.cz\/en\/psi\/charlie\/\">Charliem<\/a> a <a href=\"http:\/\/www.ambershades.cz\/en\/feny\/maja\/\">Ma\u0159enkou<\/a> poprv\u00e9 z\u00fa\u010dastnili <a href=\"http:\/\/dogshow-rybniky.cz\/\">krajsk\u00e9 v\u00fdstavy v Praze na D\u017eb\u00e1n\u011b<\/a>. Po\u010das\u00ed se povedlo a my jsme si u\u017eili pohodov\u00fd slun\u00ed\u010dkov\u00fd den.<\/p>\n<p>V\u00fdstava opravdu perfektn\u011b zorganizovan\u00e1, kr\u00e1sn\u00e9 ceny pro v\u00edt\u011bze, zaji\u0161t\u011bn\u00e9 ob\u010derstven\u00ed i st\u00e1nky s ps\u00edmi pot\u0159ebami. Kam se na to hrabou klubovky.<\/p>\n<p>Blo\u010f\u00e1ci oba b\u011bhali ve t\u0159\u00edd\u011b v\u00edt\u011bz\u016f a vyb\u011bhali u pan\u00ed rozhod\u010d\u00ed Aleny Ko\u0161\u0165\u00e1lov\u00e9 krajsk\u00e9ho v\u00edt\u011bze a postoupili do z\u00e1v\u011bre\u010dn\u00fdch sout\u011b\u017e\u00ed.<\/p>\n<p>Poprv\u00e9 (a asi naposledy) jsme p\u0159ihl\u00e1sili do sout\u011b\u017ee p\u00e1r\u016f, nikam jsme sice nepostoupili, ale jsem r\u00e1da, \u017ee jsme si to jednou zkusili.<\/p>\n<p>V z\u00e1v\u011bre\u010dn\u00fdch sout\u011b\u017e\u00edch Ma\u017eunka postoupila do u\u017e\u0161\u00edho v\u00fdb\u011bru IX. skupiny FCI, co\u017e m\u011b velmi pot\u011b\u0161ilo.<\/p>\n<p>Jako v\u017edy bez fotek, naivn\u011b je\u0161t\u011b po\u0159\u00e1d \u010dek\u00e1m, jestli se n\u011bkde n\u011bjak\u00e1 neobjev\u00ed&#8230;<\/p>\n<p>Charlie s Majou si te\u010f na n\u011bjak\u00e1 \u010das daj\u00ed v\u00fdstavn\u00ed pauzu a budou se v\u011bnovat jen <a href=\"http:\/\/www.ambershades.cz\/en\/stitek\/agility\/\">agility<\/a>. Na v\u00fdstav\u00e1ch n\u00e1s budete moci potkat s na\u0161\u00ed omladinou.<!--:--><!--:en-->We attended a Regional Dogshow D\u017eb\u00e1n in Prague on 5th September with <a href=\"http:\/\/www.ambershades.cz\/en\/psi\/charlie\/\">Charlie <\/a>and <a href=\"http:\/\/www.ambershades.cz\/en\/feny\/maja\/\">Maja<\/a>. The weather was warm and we enjoyed wonderful and calm sunny day.<\/p>\n<p>The show was greatly organized, wonderful prices for the winners, fastfood and kiosk with dog supplies.<\/p>\n<p>Both blondies compete in champion class under judge Alena Ko\u0161\u0165\u00e1lov\u00e1 (CZ), both gaining the Regional Winner title and advanced to the afternoon competitions.<\/p>\n<p>For the first (and probaby last) time were entered in competition of couples. It was great to try it!<\/p>\n<p>In the final competition of the group IX FCI Maja was shortlisted which I consider a big succces for us.<\/p>\n<p>Now, Charlie and Maja will have a show breat for some time and will devote to <a href=\"http:\/\/www.ambershades.cz\/en\/stitek\/agility\/\">agility<\/a>. You will\u00a0see us (sporadicaly) in showrings with our youngsters.<!--:--><\/p>","protected":false},"excerpt":{"rendered":"<p>V sobotu 5. z\u00e1\u0159\u00ed jsme se s Charliem a Ma\u0159enkou poprv\u00e9 z\u00fa\u010dastnili krajsk\u00e9 v\u00fdstavy v Praze na D\u017eb\u00e1n\u011b. Po\u010das\u00ed se&hellip;<\/p>","protected":false},"author":1,"featured_media":0,"comment_status":"closed","ping_status":"open","sticky":false,"template":"","format":"standard","meta":{"_monsterinsights_skip_tracking":false,"footnotes":""},"categories":[1],"tags":[3,16,5,4],"class_list":["post-1080","post","type-post","status-publish","format-standard","hentry","category-blog","tag-charlie","tag-maja","tag-show","tag-vystava","no-post-thumbnail"],"_links":{"self":[{"href":"https:\/\/www.ambershades.cz\/en\/wp-json\/wp\/v2\/posts\/1080","targetHints":{"allow":["GET"]}}],"collection":[{"href":"https:\/\/www.ambershades.cz\/en\/wp-json\/wp\/v2\/posts"}],"about":[{"href":"https:\/\/www.ambershades.cz\/en\/wp-json\/wp\/v2\/types\/post"}],"author":[{"embeddable":true,"href":"https:\/\/www.ambershades.cz\/en\/wp-json\/wp\/v2\/users\/1"}],"replies":[{"embeddable":true,"href":"https:\/\/www.ambershades.cz\/en\/wp-json\/wp\/v2\/comments?post=1080"}],"version-history":[{"count":4,"href":"https:\/\/www.ambershades.cz\/en\/wp-json\/wp\/v2\/posts\/1080\/revisions"}],"predecessor-version":[{"id":1084,"href":"https:\/\/www.ambershades.cz\/en\/wp-json\/wp\/v2\/posts\/1080\/revisions\/1084"}],"wp:attachment":[{"href":"https:\/\/www.ambershades.cz\/en\/wp-json\/wp\/v2\/media?parent=1080"}],"wp:term":[{"taxonomy":"category","embeddable":true,"href":"https:\/\/www.ambershades.cz\/en\/wp-json\/wp\/v2\/categories?post=1080"},{"taxonomy":"post_tag","embeddable":true,"href":"https:\/\/www.ambershades.cz\/en\/wp-json\/wp\/v2\/tags?post=1080"}],"curies":[{"name":"wp","href":"https:\/\/api.w.org\/{rel}","templated":true}]}}