{"id":159,"date":"2013-03-17T13:03:46","date_gmt":"2013-03-17T13:03:46","guid":{"rendered":"http:\/\/ambershades.cz\/?p=159"},"modified":"2018-05-15T11:14:36","modified_gmt":"2018-05-15T11:14:36","slug":"korunovacni-kv-praha","status":"publish","type":"post","link":"https:\/\/www.ambershades.cz\/en\/korunovacni-kv-praha\/","title":{"rendered":"<!--:cs-->Korunova\u010dn\u00ed KV Praha<!--:--><!--:en-->Crown ceremony clubshow Praha (CZ)<!--:-->"},"content":{"rendered":"<p><!--:cs-->Ma\u0159enka se tentokr\u00e1t poprv\u00e9 vydala na v\u00fdstavu sama bez Charlieho. Jeli jsme tr\u00e9novat kousek do pra\u017esk\u00fdch Stod\u016flek.<\/p>\n<p>Maja zde ve t\u0159\u00edd\u011b dorostu vyb\u011bhala VN1, DKCH a odpoledne nejlep\u0161\u00ed dorost fenu v\u00fdstavy. Byla moc \u0161ikovn\u00e1, t\u0159et\u00ed v\u00fdstava a d\u011bl\u00e1 n\u00e1m jen samou radost.<\/p>\n<p><div class='fotorama--wp' data-ids='140,156,155,141'data-link='file'data-itemtag='dl'data-icontag='dt'data-captiontag='dd'data-columns='0'data-size='large'data-width='525'data-auto='false'data-max-width='100%'data-ratio='1.5'><div id='gallery-1' class='gallery galleryid-159 gallery-columns-0 gallery-size-thumbnail'><dl class='gallery-item'>\n\t\t\t<dt class='gallery-icon landscape'>\n\t\t\t\t<a href='https:\/\/www.ambershades.cz\/wp-content\/uploads\/2013\/09\/1303-maja-stodulky-4.jpg' data-full='https:\/\/www.ambershades.cz\/wp-content\/uploads\/2013\/09\/1303-maja-stodulky-4.jpg'><img loading=\"lazy\" decoding=\"async\" width=\"150\" height=\"150\" src=\"https:\/\/www.ambershades.cz\/wp-content\/uploads\/2013\/09\/1303-maja-stodulky-4-150x150.jpg\" class=\"attachment-thumbnail size-thumbnail\" alt=\"\" aria-describedby=\"gallery-1-140\" \/><\/a>\n\t\t\t<\/dt>\n\t\t\t\t<dd class='wp-caption-text gallery-caption' id='gallery-1-140'>\n\t\t\t\tPhoto. Stanislav Kol\u00e1\u0159\n\t\t\t\t<\/dd><\/dl><dl class='gallery-item'>\n\t\t\t<dt class='gallery-icon landscape'>\n\t\t\t\t<a href='https:\/\/www.ambershades.cz\/wp-content\/uploads\/2013\/09\/1303-maja-leti.jpg' data-full='https:\/\/www.ambershades.cz\/wp-content\/uploads\/2013\/09\/1303-maja-leti.jpg'><img loading=\"lazy\" decoding=\"async\" width=\"150\" height=\"150\" src=\"https:\/\/www.ambershades.cz\/wp-content\/uploads\/2013\/09\/1303-maja-leti-150x150.jpg\" class=\"attachment-thumbnail size-thumbnail\" alt=\"\" aria-describedby=\"gallery-1-156\" \/><\/a>\n\t\t\t<\/dt>\n\t\t\t\t<dd class='wp-caption-text gallery-caption' id='gallery-1-156'>\n\t\t\t\tPhoto: Parti Paws kennel\n\t\t\t\t<\/dd><\/dl><dl class='gallery-item'>\n\t\t\t<dt class='gallery-icon landscape'>\n\t\t\t\t<a href='https:\/\/www.ambershades.cz\/wp-content\/uploads\/2013\/09\/1303-korunovacni-maja-1024x679.jpg' data-full='https:\/\/www.ambershades.cz\/wp-content\/uploads\/2013\/09\/1303-korunovacni-maja.jpg'><img loading=\"lazy\" decoding=\"async\" width=\"150\" height=\"150\" src=\"https:\/\/www.ambershades.cz\/wp-content\/uploads\/2013\/09\/1303-korunovacni-maja-150x150.jpg\" class=\"attachment-thumbnail size-thumbnail\" alt=\"\" aria-describedby=\"gallery-1-155\" \/><\/a>\n\t\t\t<\/dt>\n\t\t\t\t<dd class='wp-caption-text gallery-caption' id='gallery-1-155'>\n\t\t\t\tFoto pan Kol\u00e1\u0159\n\t\t\t\t<\/dd><\/dl><dl class='gallery-item'>\n\t\t\t<dt class='gallery-icon landscape'>\n\t\t\t\t<a href='https:\/\/www.ambershades.cz\/wp-content\/uploads\/2013\/09\/1303-stodulky.jpg' data-full='https:\/\/www.ambershades.cz\/wp-content\/uploads\/2013\/09\/1303-stodulky.jpg'><img loading=\"lazy\" decoding=\"async\" width=\"150\" height=\"150\" src=\"https:\/\/www.ambershades.cz\/wp-content\/uploads\/2013\/09\/1303-stodulky-150x150.jpg\" class=\"attachment-thumbnail size-thumbnail\" alt=\"\" \/><\/a>\n\t\t\t<\/dt><\/dl>\n\t\t<\/div>\n<\/div><!--:--><!--:en-->This time we went to train showing only with Maja. We partidipated clubshow in Prague.<\/p>\n<p>Maja in puppy class got VP1 and in the afternoon competitions became best Puppy female. I love her!<\/p>\n<p><div class='fotorama--wp' data-ids='156,155,141,139'data-link='file'data-itemtag='dl'data-icontag='dt'data-captiontag='dd'data-columns='0'data-size='large'data-width='525'data-auto='false'data-max-width='100%'data-ratio='1.5042979942693'><div id='gallery-3' class='gallery galleryid-159 gallery-columns-0 gallery-size-thumbnail'><dl class='gallery-item'>\n\t\t\t<dt class='gallery-icon landscape'>\n\t\t\t\t<a href='https:\/\/www.ambershades.cz\/wp-content\/uploads\/2013\/09\/1303-maja-leti.jpg' data-full='https:\/\/www.ambershades.cz\/wp-content\/uploads\/2013\/09\/1303-maja-leti.jpg'><img loading=\"lazy\" decoding=\"async\" width=\"150\" height=\"150\" src=\"https:\/\/www.ambershades.cz\/wp-content\/uploads\/2013\/09\/1303-maja-leti-150x150.jpg\" class=\"attachment-thumbnail size-thumbnail\" alt=\"\" aria-describedby=\"gallery-3-156\" \/><\/a>\n\t\t\t<\/dt>\n\t\t\t\t<dd class='wp-caption-text gallery-caption' id='gallery-3-156'>\n\t\t\t\tPhoto: Parti Paws kennel\n\t\t\t\t<\/dd><\/dl><dl class='gallery-item'>\n\t\t\t<dt class='gallery-icon landscape'>\n\t\t\t\t<a href='https:\/\/www.ambershades.cz\/wp-content\/uploads\/2013\/09\/1303-korunovacni-maja-1024x679.jpg' data-full='https:\/\/www.ambershades.cz\/wp-content\/uploads\/2013\/09\/1303-korunovacni-maja.jpg'><img loading=\"lazy\" decoding=\"async\" width=\"150\" height=\"150\" src=\"https:\/\/www.ambershades.cz\/wp-content\/uploads\/2013\/09\/1303-korunovacni-maja-150x150.jpg\" class=\"attachment-thumbnail size-thumbnail\" alt=\"\" aria-describedby=\"gallery-3-155\" \/><\/a>\n\t\t\t<\/dt>\n\t\t\t\t<dd class='wp-caption-text gallery-caption' id='gallery-3-155'>\n\t\t\t\tFoto pan Kol\u00e1\u0159\n\t\t\t\t<\/dd><\/dl><dl class='gallery-item'>\n\t\t\t<dt class='gallery-icon landscape'>\n\t\t\t\t<a href='https:\/\/www.ambershades.cz\/wp-content\/uploads\/2013\/09\/1303-stodulky.jpg' data-full='https:\/\/www.ambershades.cz\/wp-content\/uploads\/2013\/09\/1303-stodulky.jpg'><img loading=\"lazy\" decoding=\"async\" width=\"150\" height=\"150\" src=\"https:\/\/www.ambershades.cz\/wp-content\/uploads\/2013\/09\/1303-stodulky-150x150.jpg\" class=\"attachment-thumbnail size-thumbnail\" alt=\"\" \/><\/a>\n\t\t\t<\/dt><\/dl><dl class='gallery-item'>\n\t\t\t<dt class='gallery-icon landscape'>\n\t\t\t\t<a href='https:\/\/www.ambershades.cz\/wp-content\/uploads\/2013\/09\/1303-maja-stodulky-1024x682.jpg' data-full='https:\/\/www.ambershades.cz\/wp-content\/uploads\/2013\/09\/1303-maja-stodulky.jpg'><img loading=\"lazy\" decoding=\"async\" width=\"150\" height=\"150\" src=\"https:\/\/www.ambershades.cz\/wp-content\/uploads\/2013\/09\/1303-maja-stodulky-150x150.jpg\" class=\"attachment-thumbnail size-thumbnail\" alt=\"\" \/><\/a>\n\t\t\t<\/dt><\/dl>\n\t\t<\/div>\n<\/div><!--:--><\/p>","protected":false},"excerpt":{"rendered":"<p>Ma\u0159enka se tentokr\u00e1t poprv\u00e9 vydala na v\u00fdstavu sama bez Charlieho. Jeli jsme tr\u00e9novat kousek do pra\u017esk\u00fdch Stod\u016flek. Maja zde ve&hellip;<\/p>","protected":false},"author":1,"featured_media":0,"comment_status":"closed","ping_status":"open","sticky":false,"template":"","format":"standard","meta":{"_monsterinsights_skip_tracking":false,"footnotes":""},"categories":[1],"tags":[6,16,5,4],"class_list":["post-159","post","type-post","status-publish","format-standard","hentry","category-blog","tag-club","tag-maja","tag-show","tag-vystava","no-post-thumbnail"],"_links":{"self":[{"href":"https:\/\/www.ambershades.cz\/en\/wp-json\/wp\/v2\/posts\/159","targetHints":{"allow":["GET"]}}],"collection":[{"href":"https:\/\/www.ambershades.cz\/en\/wp-json\/wp\/v2\/posts"}],"about":[{"href":"https:\/\/www.ambershades.cz\/en\/wp-json\/wp\/v2\/types\/post"}],"author":[{"embeddable":true,"href":"https:\/\/www.ambershades.cz\/en\/wp-json\/wp\/v2\/users\/1"}],"replies":[{"embeddable":true,"href":"https:\/\/www.ambershades.cz\/en\/wp-json\/wp\/v2\/comments?post=159"}],"version-history":[{"count":1,"href":"https:\/\/www.ambershades.cz\/en\/wp-json\/wp\/v2\/posts\/159\/revisions"}],"predecessor-version":[{"id":160,"href":"https:\/\/www.ambershades.cz\/en\/wp-json\/wp\/v2\/posts\/159\/revisions\/160"}],"wp:attachment":[{"href":"https:\/\/www.ambershades.cz\/en\/wp-json\/wp\/v2\/media?parent=159"}],"wp:term":[{"taxonomy":"category","embeddable":true,"href":"https:\/\/www.ambershades.cz\/en\/wp-json\/wp\/v2\/categories?post=159"},{"taxonomy":"post_tag","embeddable":true,"href":"https:\/\/www.ambershades.cz\/en\/wp-json\/wp\/v2\/tags?post=159"}],"curies":[{"name":"wp","href":"https:\/\/api.w.org\/{rel}","templated":true}]}}