{"id":161,"date":"2013-05-04T13:12:50","date_gmt":"2013-05-04T13:12:50","guid":{"rendered":"http:\/\/ambershades.cz\/?p=161"},"modified":"2018-05-15T11:14:34","modified_gmt":"2018-05-15T11:14:34","slug":"jarni-klubova-vystava-praha","status":"publish","type":"post","link":"https:\/\/www.ambershades.cz\/en\/jarni-klubova-vystava-praha\/","title":{"rendered":"<!--:cs-->Jarn\u00ed klubov\u00e1 v\u00fdstava Praha<!--:--><!--:en-->Spring clubshow Prague (CZ)<!--:-->"},"content":{"rendered":"<p><!--:cs-->Naposledy p\u0159ed sv\u011btovkou jsme vyrazili tr\u00e9novat do Let\u0148an, kde jsme s pejsky na v\u00fdstav\u011b byli v\u016fbec poprv\u00e9. Na Charliem je vid\u011bt, \u017ee hodn\u011b vypadl z kondice, no uvid\u00edme, co p\u0159edvede v Budape\u0161ti. Ma\u0159enka byla jako v\u017edy moc \u0161ikovn\u00e1.<\/p>\n<p>Charliemu to, co p\u0159edvedl sta\u010dilo na V1 CAC ve t\u0159\u00edd\u011b v\u00edt\u011bz\u016f.<\/p>\n<p>Ma\u0159enka se na t\u00e9to v\u00fdstav\u011b poprv\u00e9 p\u0159edstavila mezi mlad\u00fdmi s kr\u00e1sn\u00fdm v\u00fdsledkem V1, CAJC a Mlad\u00fd klubov\u00fd v\u00edt\u011bz.<\/p>\n<p>N\u011bjak\u00e9 fotky, op\u011bt od hodn\u00e9ho pana Kol\u00e1\u0159e, zde:<\/p>\n<p><a href=\"http:\/\/ambershades.cz\/wp-content\/uploads\/2013\/09\/1305-letnany.jpg\"><img loading=\"lazy\" decoding=\"async\" class=\"alignnone size-medium wp-image-144\" alt=\"Letn\u0148any 2013\" src=\"http:\/\/ambershades.cz\/wp-content\/uploads\/2013\/09\/1305-letnany-300x199.jpg\" width=\"300\" height=\"199\" srcset=\"https:\/\/www.ambershades.cz\/wp-content\/uploads\/2013\/09\/1305-letnany-300x199.jpg 300w, https:\/\/www.ambershades.cz\/wp-content\/uploads\/2013\/09\/1305-letnany-450x300.jpg 450w, https:\/\/www.ambershades.cz\/wp-content\/uploads\/2013\/09\/1305-letnany.jpg 960w\" sizes=\"auto, (max-width: 300px) 100vw, 300px\" \/><\/a><\/p>\n<p>&nbsp;<\/p>\n<p>&nbsp;<\/p>\n<p><figure id=\"attachment_145\" aria-describedby=\"caption-attachment-145\" style=\"width: 300px\" class=\"wp-caption alignnone\"><a href=\"http:\/\/ambershades.cz\/wp-content\/uploads\/2013\/09\/1305-letnany-prazsky-denik.jpg\"><img loading=\"lazy\" decoding=\"async\" class=\"size-medium wp-image-145\" alt=\"Tahle fotka vy\u0161la druh\u00fd den na tituln\u00ed stran\u011b Pra\u017esk\u00e9ho den\u00edku\" src=\"http:\/\/ambershades.cz\/wp-content\/uploads\/2013\/09\/1305-letnany-prazsky-denik-300x182.jpg\" width=\"300\" height=\"182\" srcset=\"https:\/\/www.ambershades.cz\/wp-content\/uploads\/2013\/09\/1305-letnany-prazsky-denik-300x182.jpg 300w, https:\/\/www.ambershades.cz\/wp-content\/uploads\/2013\/09\/1305-letnany-prazsky-denik-493x300.jpg 493w, https:\/\/www.ambershades.cz\/wp-content\/uploads\/2013\/09\/1305-letnany-prazsky-denik.jpg 960w\" sizes=\"auto, (max-width: 300px) 100vw, 300px\" \/><\/a><figcaption id=\"caption-attachment-145\" class=\"wp-caption-text\">Tahle fotka vy\u0161la druh\u00fd den na tituln\u00ed stran\u011b Pra\u017esk\u00e9ho den\u00edku<\/figcaption><\/figure><!--:--><!--:en-->Our last training clubshow before WDS. Charlie really not looks to be in the best condition, we will see how this happens in 14 days in Budapest.<\/p>\n<p>Charlie showed enough to win champion class with Ex. 1 and CAC.<\/p>\n<p>Maja had other excellent show day, for the first time in junior class at the age of 9 months won Ex. 1, her first CAJC and she crowned it with Junior Club winner and in the finals she became 3rd best junior female all sizes and colours!<\/p>\n<p><div class='fotorama--wp' data-ids='144,145'data-link='file'data-itemtag='dl'data-icontag='dt'data-captiontag='dd'data-columns='0'data-size='large'data-width='525'data-auto='false'data-max-width='100%'data-ratio='1.5042979942693'><div id='gallery-1' class='gallery galleryid-161 gallery-columns-0 gallery-size-thumbnail'><dl class='gallery-item'>\n\t\t\t<dt class='gallery-icon landscape'>\n\t\t\t\t<a href='https:\/\/www.ambershades.cz\/wp-content\/uploads\/2013\/09\/1305-letnany.jpg' data-full='https:\/\/www.ambershades.cz\/wp-content\/uploads\/2013\/09\/1305-letnany.jpg'><img loading=\"lazy\" decoding=\"async\" width=\"150\" height=\"150\" src=\"https:\/\/www.ambershades.cz\/wp-content\/uploads\/2013\/09\/1305-letnany-150x150.jpg\" class=\"attachment-thumbnail size-thumbnail\" alt=\"\" \/><\/a>\n\t\t\t<\/dt><\/dl><dl class='gallery-item'>\n\t\t\t<dt class='gallery-icon landscape'>\n\t\t\t\t<a href='https:\/\/www.ambershades.cz\/wp-content\/uploads\/2013\/09\/1305-letnany-prazsky-denik.jpg' data-full='https:\/\/www.ambershades.cz\/wp-content\/uploads\/2013\/09\/1305-letnany-prazsky-denik.jpg'><img loading=\"lazy\" decoding=\"async\" width=\"150\" height=\"150\" src=\"https:\/\/www.ambershades.cz\/wp-content\/uploads\/2013\/09\/1305-letnany-prazsky-denik-150x150.jpg\" class=\"attachment-thumbnail size-thumbnail\" alt=\"\" aria-describedby=\"gallery-1-145\" \/><\/a>\n\t\t\t<\/dt>\n\t\t\t\t<dd class='wp-caption-text gallery-caption' id='gallery-1-145'>\n\t\t\t\tPhoto: Pra\u017esk\u00fd den\u00edk\n\t\t\t\t<\/dd><\/dl>\n\t\t<\/div>\n<\/div><!--:--><\/p>","protected":false},"excerpt":{"rendered":"<p>Naposledy p\u0159ed sv\u011btovkou jsme vyrazili tr\u00e9novat do Let\u0148an, kde jsme s pejsky na v\u00fdstav\u011b byli v\u016fbec poprv\u00e9. Na Charliem je&hellip;<\/p>","protected":false},"author":1,"featured_media":0,"comment_status":"closed","ping_status":"open","sticky":false,"template":"","format":"standard","meta":{"_monsterinsights_skip_tracking":false,"footnotes":""},"categories":[1],"tags":[3,6,16,5,4],"class_list":["post-161","post","type-post","status-publish","format-standard","hentry","category-blog","tag-charlie","tag-club","tag-maja","tag-show","tag-vystava","no-post-thumbnail"],"_links":{"self":[{"href":"https:\/\/www.ambershades.cz\/en\/wp-json\/wp\/v2\/posts\/161","targetHints":{"allow":["GET"]}}],"collection":[{"href":"https:\/\/www.ambershades.cz\/en\/wp-json\/wp\/v2\/posts"}],"about":[{"href":"https:\/\/www.ambershades.cz\/en\/wp-json\/wp\/v2\/types\/post"}],"author":[{"embeddable":true,"href":"https:\/\/www.ambershades.cz\/en\/wp-json\/wp\/v2\/users\/1"}],"replies":[{"embeddable":true,"href":"https:\/\/www.ambershades.cz\/en\/wp-json\/wp\/v2\/comments?post=161"}],"version-history":[{"count":1,"href":"https:\/\/www.ambershades.cz\/en\/wp-json\/wp\/v2\/posts\/161\/revisions"}],"predecessor-version":[{"id":162,"href":"https:\/\/www.ambershades.cz\/en\/wp-json\/wp\/v2\/posts\/161\/revisions\/162"}],"wp:attachment":[{"href":"https:\/\/www.ambershades.cz\/en\/wp-json\/wp\/v2\/media?parent=161"}],"wp:term":[{"taxonomy":"category","embeddable":true,"href":"https:\/\/www.ambershades.cz\/en\/wp-json\/wp\/v2\/categories?post=161"},{"taxonomy":"post_tag","embeddable":true,"href":"https:\/\/www.ambershades.cz\/en\/wp-json\/wp\/v2\/tags?post=161"}],"curies":[{"name":"wp","href":"https:\/\/api.w.org\/{rel}","templated":true}]}}