{"id":163,"date":"2013-05-05T13:23:24","date_gmt":"2013-05-05T13:23:24","guid":{"rendered":"http:\/\/ambershades.cz\/?p=163"},"modified":"2018-05-15T11:14:33","modified_gmt":"2018-05-15T11:14:33","slug":"charlie-s-majou-na-titulni-strance-prazskeho-deniku","status":"publish","type":"post","link":"https:\/\/www.ambershades.cz\/en\/charlie-s-majou-na-titulni-strance-prazskeho-deniku\/","title":{"rendered":"<!--:cs-->Charlie s Majou na tituln\u00ed str\u00e1nce Pra\u017esk\u00e9ho den\u00edku!<!--:--><!--:en-->Charlie and Maja on the Front page of Prague daily mail<!--:-->"},"content":{"rendered":"<p><!--:cs--><a href=\"http:\/\/ambershades.cz\/wp-content\/uploads\/2013\/09\/prazsky-denik.jpg\"><img loading=\"lazy\" decoding=\"async\" class=\"alignnone size-medium wp-image-164\" alt=\"prazsky-denik\" src=\"http:\/\/ambershades.cz\/wp-content\/uploads\/2013\/09\/prazsky-denik-212x300.jpg\" width=\"212\" height=\"300\" srcset=\"https:\/\/www.ambershades.cz\/wp-content\/uploads\/2013\/09\/prazsky-denik-212x300.jpg 212w, https:\/\/www.ambershades.cz\/wp-content\/uploads\/2013\/09\/prazsky-denik-723x1024.jpg 723w, https:\/\/www.ambershades.cz\/wp-content\/uploads\/2013\/09\/prazsky-denik.jpg 1240w\" sizes=\"auto, (max-width: 212px) 100vw, 212px\" \/><\/a><!--:--><!--:en--><img loading=\"lazy\" decoding=\"async\" class=\"aligncenter size-medium wp-image-164\" alt=\"prazsky-denik\" src=\"http:\/\/ambershades.cz\/wp-content\/uploads\/2013\/09\/prazsky-denik-212x300.jpg\" width=\"212\" height=\"300\" srcset=\"https:\/\/www.ambershades.cz\/wp-content\/uploads\/2013\/09\/prazsky-denik-212x300.jpg 212w, https:\/\/www.ambershades.cz\/wp-content\/uploads\/2013\/09\/prazsky-denik-723x1024.jpg 723w, https:\/\/www.ambershades.cz\/wp-content\/uploads\/2013\/09\/prazsky-denik.jpg 1240w\" sizes=\"auto, (max-width: 212px) 100vw, 212px\" \/><!--:--><\/p>","protected":false},"excerpt":{"rendered":"","protected":false},"author":1,"featured_media":0,"comment_status":"closed","ping_status":"open","sticky":false,"template":"","format":"image","meta":{"_monsterinsights_skip_tracking":false,"footnotes":""},"categories":[1],"tags":[3,16,18],"class_list":["post-163","post","type-post","status-publish","format-image","hentry","category-blog","tag-charlie","tag-maja","tag-media","post_format-image","no-post-thumbnail"],"_links":{"self":[{"href":"https:\/\/www.ambershades.cz\/en\/wp-json\/wp\/v2\/posts\/163","targetHints":{"allow":["GET"]}}],"collection":[{"href":"https:\/\/www.ambershades.cz\/en\/wp-json\/wp\/v2\/posts"}],"about":[{"href":"https:\/\/www.ambershades.cz\/en\/wp-json\/wp\/v2\/types\/post"}],"author":[{"embeddable":true,"href":"https:\/\/www.ambershades.cz\/en\/wp-json\/wp\/v2\/users\/1"}],"replies":[{"embeddable":true,"href":"https:\/\/www.ambershades.cz\/en\/wp-json\/wp\/v2\/comments?post=163"}],"version-history":[{"count":2,"href":"https:\/\/www.ambershades.cz\/en\/wp-json\/wp\/v2\/posts\/163\/revisions"}],"predecessor-version":[{"id":323,"href":"https:\/\/www.ambershades.cz\/en\/wp-json\/wp\/v2\/posts\/163\/revisions\/323"}],"wp:attachment":[{"href":"https:\/\/www.ambershades.cz\/en\/wp-json\/wp\/v2\/media?parent=163"}],"wp:term":[{"taxonomy":"category","embeddable":true,"href":"https:\/\/www.ambershades.cz\/en\/wp-json\/wp\/v2\/categories?post=163"},{"taxonomy":"post_tag","embeddable":true,"href":"https:\/\/www.ambershades.cz\/en\/wp-json\/wp\/v2\/tags?post=163"}],"curies":[{"name":"wp","href":"https:\/\/api.w.org\/{rel}","templated":true}]}}