{"id":168,"date":"2013-06-15T13:46:03","date_gmt":"2013-06-15T13:46:03","guid":{"rendered":"http:\/\/ambershades.cz\/?p=168"},"modified":"2018-05-15T11:12:57","modified_gmt":"2018-05-15T11:12:57","slug":"slovensky-vystavni-vikend","status":"publish","type":"post","link":"https:\/\/www.ambershades.cz\/en\/slovensky-vystavni-vikend\/","title":{"rendered":"<!--:cs-->Slovensk\u00fd v\u00fdstavn\u00ed v\u00edkend<!--:--><!--:en-->Slovakian show weekend<!--:-->"},"content":{"rendered":"<p><!--:cs-->Dvou slovensk\u00fdch klubovek, kter\u00e9 se ji\u017e po n\u011bkolik\u00e1t\u00e9 konaly kousek za \u010desk\u00fdmi hranicemi, v Kammen\u00e9m mlyn\u011b, jsem se ji\u017e del\u0161\u00ed dobu cht\u011bla z\u00fa\u010dastnit. Poda\u0159ilo se to letos. Ud\u011blali jsme si kr\u00e1sn\u00fd rodinn\u00fd v\u00fdlet ve \u010dty\u0159ech lidech a \u010dty\u0159ech psech, v\u010d. p\u0159esp\u00e1n\u00ed v m\u00edstn\u00edch chatk\u00e1ch. \u0160koda jen, \u017ee pr\u00e1v\u011b dod\u011bl\u00e1vali p\u0159\u00edrodn\u00ed koupali\u0161t\u011b, vypadalo moc kr\u00e1sn\u011b a teplo bylo taky dost.<\/p>\n<p>Prvn\u00ed den posuzoval specialista na plemeno Philip Langdon z Velk\u00e9 Brit\u00e1nie.<\/p>\n<p>Za Charlieho bych si nejrad\u0161i dala p\u00e1r facek, \u017ee jsem ho s sebou v\u016fbec tahala. Byl chud\u00e1k neskute\u010dn\u011b otr\u00e1ven\u00fd a kondice po\u0159\u00e1d tatam. V\u00e9d\u00e9\u010dko bylo naprosto zaslou\u017een\u00e9. Pro Charlieho tohle byla z\u00e1rove\u0148 jeho posledn\u00ed v\u00fdstava, alespo\u0148 do t\u00e9 doby, dokud se nebude c\u00edtit l\u00e9pe. P\u0159eci jen po celkem nabit\u00fdch t\u0159ech v\u00fdstavn\u00edch sez\u00f3n\u00e1ch toho m\u00e1 chud\u00e1k asi pln\u00e9 zuby.<\/p>\n<p>Zato Ma\u0159enka se moc l\u00edbila a dostala V1, CAJC a titul Primus Junior.<\/p>\n<p>Druh\u00fd den posuzoval Otto Krcal z Rakouska, p\u0159ivezl si s sebou baseta, tak p\u0159edpokl\u00e1d\u00e1m, \u017ee je sp\u00ed\u0161 p\u0159es loveck\u00e9 psy.<\/p>\n<p>S Charliem jsem to rovnou vzdala, ale on se z ni\u010deho nic vzhopil a odb\u011bhl t\u011bch p\u00e1r kole\u010dek skoro jako za star\u00fdch \u010das\u016f a dostal V1 CAC! Opravdu neuv\u011b\u0159iteln\u00e9! T\u00edm p\u00e1dem tak\u00e9 splnil podm\u00ednky pro ud\u011blen\u00ed slovensk\u00e9ho \u0161ampiona kr\u00e1sy.<\/p>\n<p>No a s Ma\u0159enkou to bylo vtipn\u00e9, v posudku m\u011bla prav\u00fd opak toho, co p\u0159edchoz\u00ed den a dostala prvn\u00ed v\u00e9d\u00e9 :). To m\u011b nemohlo rozh\u00e1zet, aspo\u0148 jsme se mohli dob\u0159e naobjedvat v m\u00edstn\u00ed restauraci a jet brzy dom\u016f, p\u0159eci jen jsme to m\u011bli kus cesty.<\/p>\n<p>V\u00edkend hodnot\u00edm jako velice p\u0159\u00edjemnou rodinnou akci, plnou pohody. A z v\u00fdsledk\u016f si opravdu nic ned\u011bl\u00e1m :).<\/p>\n<p><div class='fotorama--wp' data-ids='293,294,292'data-link='file'data-itemtag='dl'data-icontag='dt'data-captiontag='dd'data-columns='0'data-size='large'data-width='436'data-auto='false'data-max-width='100%'data-ratio='0.73648648648649'><div id='gallery-1' class='gallery galleryid-168 gallery-columns-0 gallery-size-thumbnail'><dl class='gallery-item'>\n\t\t\t<dt class='gallery-icon portrait'>\n\t\t\t\t<a href='https:\/\/www.ambershades.cz\/wp-content\/uploads\/2013\/10\/IMG_20130625_120114.jpg' data-full='https:\/\/www.ambershades.cz\/wp-content\/uploads\/2013\/10\/IMG_20130625_120114.jpg'><img loading=\"lazy\" decoding=\"async\" width=\"150\" height=\"150\" src=\"https:\/\/www.ambershades.cz\/wp-content\/uploads\/2013\/10\/IMG_20130625_120114-150x150.jpg\" class=\"attachment-thumbnail size-thumbnail\" alt=\"\" \/><\/a>\n\t\t\t<\/dt><\/dl><dl class='gallery-item'>\n\t\t\t<dt class='gallery-icon landscape'>\n\t\t\t\t<a href='https:\/\/www.ambershades.cz\/wp-content\/uploads\/2013\/10\/IMG_20130625_113015.jpg' data-full='https:\/\/www.ambershades.cz\/wp-content\/uploads\/2013\/10\/IMG_20130625_113015.jpg'><img loading=\"lazy\" decoding=\"async\" width=\"150\" height=\"150\" src=\"https:\/\/www.ambershades.cz\/wp-content\/uploads\/2013\/10\/IMG_20130625_113015-150x150.jpg\" class=\"attachment-thumbnail size-thumbnail\" alt=\"\" \/><\/a>\n\t\t\t<\/dt><\/dl><dl class='gallery-item'>\n\t\t\t<dt class='gallery-icon portrait'>\n\t\t\t\t<a href='https:\/\/www.ambershades.cz\/wp-content\/uploads\/2013\/10\/IMG_20130625_120224.jpg' data-full='https:\/\/www.ambershades.cz\/wp-content\/uploads\/2013\/10\/IMG_20130625_120224.jpg'><img loading=\"lazy\" decoding=\"async\" width=\"150\" height=\"150\" src=\"https:\/\/www.ambershades.cz\/wp-content\/uploads\/2013\/10\/IMG_20130625_120224-150x150.jpg\" class=\"attachment-thumbnail size-thumbnail\" alt=\"\" \/><\/a>\n\t\t\t<\/dt><\/dl>\n\t\t<\/div>\n<\/div><!--:--><!--:en-->We spent fenomenal family weekend in Slovakian Camp Area Kamenny mlyn &#8211; me, my husband, mom and brother and all our four dogs.<\/p>\n<p>On saturday Club show under respected breed specialist Philip Langdon from Britain Charlie got VG (he really showed nothing for receiving better evaluation, I was said for taking him there with his actual form, but it happens).<\/p>\n<p>Maja has presented herself well as always, in junior class winning Ex. 1, CAJC and Primus Junior title.<\/p>\n<p>On Sunday there took place Poodle specialty judged by Austrian Otto Krcal.<\/p>\n<p>The biggest surprise of the day was when Charlie decided to participate almost a little his last show and finaly was able to win the class with CAC and finish Slovakian beauty championship! I even haven&#8217;t dare to hope in it!<\/p>\n<p>For Charlie this was deffinitevely his last show until he feels better. He is pretty tired after three full show seasons.<\/p>\n<p>Maja got on Sunday Charlie&#8217;s role, getting her first VG :). We are not sad or angry, she has a lot of beautiful things ahead.<\/p>\n<p>We all &#8211; both dogs and family enjoyed this pleasant summer hot weekend in Slovakia.<\/p>\n<p><div class='fotorama--wp' data-ids='292,294,293'data-link='file'data-itemtag='dl'data-icontag='dt'data-captiontag='dd'data-columns='0'data-size='large'data-width='415'data-auto='false'data-max-width='100%'data-ratio='0.70819112627986'><div id='gallery-3' class='gallery galleryid-168 gallery-columns-0 gallery-size-thumbnail'><dl class='gallery-item'>\n\t\t\t<dt class='gallery-icon portrait'>\n\t\t\t\t<a href='https:\/\/www.ambershades.cz\/wp-content\/uploads\/2013\/10\/IMG_20130625_120224.jpg' data-full='https:\/\/www.ambershades.cz\/wp-content\/uploads\/2013\/10\/IMG_20130625_120224.jpg'><img loading=\"lazy\" decoding=\"async\" width=\"150\" height=\"150\" src=\"https:\/\/www.ambershades.cz\/wp-content\/uploads\/2013\/10\/IMG_20130625_120224-150x150.jpg\" class=\"attachment-thumbnail size-thumbnail\" alt=\"\" \/><\/a>\n\t\t\t<\/dt><\/dl><dl class='gallery-item'>\n\t\t\t<dt class='gallery-icon landscape'>\n\t\t\t\t<a href='https:\/\/www.ambershades.cz\/wp-content\/uploads\/2013\/10\/IMG_20130625_113015.jpg' data-full='https:\/\/www.ambershades.cz\/wp-content\/uploads\/2013\/10\/IMG_20130625_113015.jpg'><img loading=\"lazy\" decoding=\"async\" width=\"150\" height=\"150\" src=\"https:\/\/www.ambershades.cz\/wp-content\/uploads\/2013\/10\/IMG_20130625_113015-150x150.jpg\" class=\"attachment-thumbnail size-thumbnail\" alt=\"\" \/><\/a>\n\t\t\t<\/dt><\/dl><dl class='gallery-item'>\n\t\t\t<dt class='gallery-icon portrait'>\n\t\t\t\t<a href='https:\/\/www.ambershades.cz\/wp-content\/uploads\/2013\/10\/IMG_20130625_120114.jpg' data-full='https:\/\/www.ambershades.cz\/wp-content\/uploads\/2013\/10\/IMG_20130625_120114.jpg'><img loading=\"lazy\" decoding=\"async\" width=\"150\" height=\"150\" src=\"https:\/\/www.ambershades.cz\/wp-content\/uploads\/2013\/10\/IMG_20130625_120114-150x150.jpg\" class=\"attachment-thumbnail size-thumbnail\" alt=\"\" \/><\/a>\n\t\t\t<\/dt><\/dl>\n\t\t<\/div>\n<\/div><!--:--><\/p>","protected":false},"excerpt":{"rendered":"<p>Dvou slovensk\u00fdch klubovek, kter\u00e9 se ji\u017e po n\u011bkolik\u00e1t\u00e9 konaly kousek za \u010desk\u00fdmi hranicemi, v Kammen\u00e9m mlyn\u011b, jsem se ji\u017e del\u0161\u00ed&hellip;<\/p>","protected":false},"author":1,"featured_media":0,"comment_status":"closed","ping_status":"open","sticky":false,"template":"","format":"standard","meta":{"_monsterinsights_skip_tracking":false,"footnotes":""},"categories":[1],"tags":[3,6,16,5,4],"class_list":["post-168","post","type-post","status-publish","format-standard","hentry","category-blog","tag-charlie","tag-club","tag-maja","tag-show","tag-vystava","no-post-thumbnail"],"_links":{"self":[{"href":"https:\/\/www.ambershades.cz\/en\/wp-json\/wp\/v2\/posts\/168","targetHints":{"allow":["GET"]}}],"collection":[{"href":"https:\/\/www.ambershades.cz\/en\/wp-json\/wp\/v2\/posts"}],"about":[{"href":"https:\/\/www.ambershades.cz\/en\/wp-json\/wp\/v2\/types\/post"}],"author":[{"embeddable":true,"href":"https:\/\/www.ambershades.cz\/en\/wp-json\/wp\/v2\/users\/1"}],"replies":[{"embeddable":true,"href":"https:\/\/www.ambershades.cz\/en\/wp-json\/wp\/v2\/comments?post=168"}],"version-history":[{"count":5,"href":"https:\/\/www.ambershades.cz\/en\/wp-json\/wp\/v2\/posts\/168\/revisions"}],"predecessor-version":[{"id":306,"href":"https:\/\/www.ambershades.cz\/en\/wp-json\/wp\/v2\/posts\/168\/revisions\/306"}],"wp:attachment":[{"href":"https:\/\/www.ambershades.cz\/en\/wp-json\/wp\/v2\/media?parent=168"}],"wp:term":[{"taxonomy":"category","embeddable":true,"href":"https:\/\/www.ambershades.cz\/en\/wp-json\/wp\/v2\/categories?post=168"},{"taxonomy":"post_tag","embeddable":true,"href":"https:\/\/www.ambershades.cz\/en\/wp-json\/wp\/v2\/tags?post=168"}],"curies":[{"name":"wp","href":"https:\/\/api.w.org\/{rel}","templated":true}]}}