{"id":1872,"date":"2017-05-08T15:40:28","date_gmt":"2017-05-08T15:40:28","guid":{"rendered":"https:\/\/www.ambershades.cz\/?p=1872"},"modified":"2019-01-08T14:43:31","modified_gmt":"2019-01-08T14:43:31","slug":"vystavni-vikend-v-erfurtu","status":"publish","type":"post","link":"https:\/\/www.ambershades.cz\/en\/vystavni-vikend-v-erfurtu\/","title":{"rendered":"[:cs]V\u00fdstavn\u00ed v\u00edkend v Erfurtu[:en]Show weekend in Erfurt, Germany[:]"},"content":{"rendered":"<p>[:cs]V p\u00e1tek 5. kv\u011btna jsme se vydali s <a href=\"http:\/\/brownpoodle.cz\/\">Rud\u00e1\u0161kem,\u00a0<\/a>\u010cokou\u0161em a <a href=\"http:\/\/cranjala.weebly.com\/\">Vendy <\/a>do n\u011bmeck\u00e9ho Erfurtu, kde jsme se z\u00fa\u010dastnili v sobotu n\u00e1rodn\u00ed a v ned\u011bli mezin\u00e1rodn\u00ed v\u00fdstavy.<\/p>\n<div class='fotorama--wp' data-ids='1876'data-link='file'data-itemtag='dl'data-icontag='dt'data-captiontag='dd'data-columns='0'data-size='large'data-width='525'data-auto='false'data-max-width='100%'data-ratio='1.3324873096447'><div id='gallery-1' class='gallery galleryid-1872 gallery-columns-0 gallery-size-thumbnail'><dl class='gallery-item'>\n\t\t\t<dt class='gallery-icon landscape'>\n\t\t\t\t<a href='https:\/\/www.ambershades.cz\/wp-content\/uploads\/2017\/05\/1705-vsichni-tri-e1546958576647.jpg' data-full='https:\/\/www.ambershades.cz\/wp-content\/uploads\/2017\/05\/1705-vsichni-tri-e1546958576647.jpg'><img loading=\"lazy\" decoding=\"async\" width=\"150\" height=\"150\" src=\"https:\/\/www.ambershades.cz\/wp-content\/uploads\/2017\/05\/1705-vsichni-tri-150x150.jpg\" class=\"attachment-thumbnail size-thumbnail\" alt=\"\" \/><\/a>\n\t\t\t<\/dt><\/dl>\n\t\t<\/div>\n<\/div>\n<p>Bydleli jsme deset minut autem od v\u00fdstavi\u0161t\u011b v kr\u00e1sn\u00e9m mal\u00e9m penzionu ve vesni\u010dce, kde ani pes ne\u0161t\u011bknul. Ubytov\u00e1n\u00ed bylo velice p\u011bkn\u00e9, sice ve vybaven\u00ed chyb\u011bl kuchy\u0148sk\u00fd n\u016f\u017e, zato skleni\u010dek na v\u00edno tam bylo dost \ud83d\ude42<\/p>\n<p>Sobotn\u00ed n\u00e1rodka byla komorn\u011bj\u0161\u00ed s necel\u00fdmi 2000 p\u0159ihl\u00e1\u0161en\u00fdmi psy. Trochu nep\u0159\u00edjemn\u00e1 byla byla rann\u00ed p\u016flhodinov\u00e1 fronta na kontrolu vstupn\u00edch list\u016f, obzvl\u00e1\u0161\u0165 v p\u0159\u00edpad\u011b, kdy\u017e \u010dlov\u011bk jede &#8222;tak akor\u00e1t&#8220; na \u010das.<\/p>\n<p>Sobotn\u00ed v\u00fdstavu 10. Nationale Rassehunde Ausstellung\u00a0posuzovala n\u011bmeck\u00e1 rozhod\u010d\u00ed Doris K\u00fchn. Celkem bylo p\u0159ihl\u00e1\u0161eno 49 pudl\u016f. Na\u0161e mal\u00e1 a \u0161ikovn\u00e1 barbie Mi\u0148onka (<a href=\"\/feny\/minion\/\">ANNIVERSARY PEARL Ambershades<\/a>) ve v\u011bku 22. m\u011bs\u00edc\u016f v otev\u0159en\u00e9 t\u0159\u00edd\u011b z\u00edskala ocen\u011bn\u00ed V1, CAC\u00a0DPK, CAC VDH a BOB a dle p\u0159eklada\u010de m\u00e1me i velice p\u011bkn\u00fd posudek. V z\u00e1v\u011bre\u010dn\u00fdch sout\u011b\u017e\u00edch jsme se prob\u011bhly, nicm\u00e9n\u011b jsme u\u017e nebodovaly. Mile p\u0159ekvapila kokarda za BOBa, kterou bych v N\u011bmecku fakt ne\u010dekala.<\/p>\n<div class='fotorama--wp' data-ids='1874'data-link='file'data-itemtag='dl'data-icontag='dt'data-captiontag='dd'data-columns='0'data-size='large'data-width='525'data-auto='false'data-max-width='100%'data-ratio='1.3324873096447'><div id='gallery-3' class='gallery galleryid-1872 gallery-columns-0 gallery-size-thumbnail'><dl class='gallery-item'>\n\t\t\t<dt class='gallery-icon landscape'>\n\t\t\t\t<a href='https:\/\/www.ambershades.cz\/wp-content\/uploads\/2017\/05\/1705-erfurt-e1546958599384.jpg' data-full='https:\/\/www.ambershades.cz\/wp-content\/uploads\/2017\/05\/1705-erfurt-e1546958599384.jpg'><img loading=\"lazy\" decoding=\"async\" width=\"150\" height=\"150\" src=\"https:\/\/www.ambershades.cz\/wp-content\/uploads\/2017\/05\/1705-erfurt-150x150.jpg\" class=\"attachment-thumbnail size-thumbnail\" alt=\"\" \/><\/a>\n\t\t\t<\/dt><\/dl>\n\t\t<\/div>\n<\/div>\n<p>Na ned\u011bln\u00ed v\u00fdstavu, kam bylo p\u0159ihl\u00e1\u0161en\u00fdch p\u0159es 2300 ps\u016f jsme rad\u011bji vyrazili o chlup d\u0159\u00edve, zaparkovali na lep\u0161\u00edm parkovi\u0161ti, odkud se dalo mnohem pohodln\u011bji s klecemi dojet a\u017e ke vstupu po asfaltu (na rozd\u00edl o odbl\u00e1zkov\u00e9ho parkovi\u0161t\u011b den p\u0159edt\u00edm) a kde nebyla u vstupu \u017e\u00e1dn\u00e1 fronta. Na ned\u011bln\u00ed 15. Internationale Rassehunde Ausstellung bylo nahl\u00e1\u0161eno 80 pudl\u016f a posuzovala pan\u00ed rozhod\u010d\u00ed Carmen Fischer z N\u011bmecka. Mi\u0148ousa op\u011bt zabodovala a vyb\u011bhala ocen\u011bn\u00ed\u00a0V1, CAC\u00a0DPK, CAC VDH, CACIB a BOB.<\/p>\n<p>Celkov\u011b jsme si pro n\u00e1s odvezly naprosto \u00fa\u017easn\u00e9 v\u00fdsledky, se kter\u00fdmi bych ani nepo\u010d\u00edtala. St\u00e1le v\u00edm o velk\u00fdch rezerv\u00e1ch, kter\u00e9 v m\u00e1me v p\u0159edveden\u00ed a na kter\u00fdch se sna\u017e\u00edme pracovat (tentokr\u00e1t jsme zapracovaly na m\u00e9m v\u00fdstavn\u00edm b\u011bhu &#8211; a ano, u\u017e taky b\u011bh\u00e1m jak &#8222;retard&#8220; s nata\u017een\u00fdma nohama \ud83d\ude42 Ale aspo\u0148 ch\u00e1pu pro\u010d :))<\/p>\n<p>Kdy\u017e to v\u0161echno shrnu, tak ve 22 m\u011bs\u00edc\u00edch m\u00e1 Mi\u0148onka nasb\u00edran\u00e9 4 n\u011bmeck\u00e9 velk\u00e9 CACe a chyb\u00ed n\u00e1m tedy posledn\u00ed na N\u011bmeck\u00e9ho \u0161ampiona, co\u017e je podle m\u011b velk\u00e1 pecka, proto\u017ee vyb\u011bh\u00e1n\u00ed n\u011bmeck\u00e9ho \u0161ampiona nen\u00ed \u00fapln\u011b jednoduch\u00e9. Roz\u0161\u00ed\u0159ili jsem na\u0161i sb\u00edrku BOB\u016f (v\u00edt\u011bz\u016f plemene) na \u010d\u00edslo 5, a m\u00e1me tak\u00e9 4. CACIB. Ve srovn\u00e1n\u00ed s <a href=\"\/psi\/charlie\/\">ta\u0165kou <\/a>je\u0161t\u011b m\u00e1me co doh\u00e1n\u011bt, ale to u\u017e asi s na\u0161\u00edm v\u00fdstavn\u011b-laxn\u00edm p\u0159\u00edstupem nikdy nep\u0159ekon\u00e1me \ud83d\ude42<\/p>\n<p>V\u00fdlet jsme si moc u\u017eili, prost\u0159ed\u00ed v\u00fdstavi\u0161t\u011b bylo celkem fajn, velice oce\u0148ujeme velk\u00fd v\u00fdb\u011br st\u00e1nk\u016f s j\u00eddlem (by\u0165 jsme dva dny \u017eili z nefal\u0161ovan\u00fdch ma\u010farsk\u00fdch lango\u0161\u016f &#8211; lep\u0161\u00ed jsem je\u0161t\u011b nem\u011bla!).<\/p>\n<p>Po\u010das\u00ed vy\u0161lo nad o\u010dek\u00e1v\u00e1n\u00ed a oba dny bylo n\u00e1dhern\u011b, v ned\u011bli p\u0159i odjezdu dokonce 19 stup\u0148\u016f! Jak cesta do N\u011bmecka a\u017e na mal\u00e9 extern\u00ed komplikace prob\u00edhala v pohod\u011b, tak cestou zp\u00e1tky n\u00e1s nemile p\u0159ekvapily dv\u011b \u00fapln\u00e9 uzav\u00edrky d\u00e1lnice &#8211; jedna u Dr\u00e1\u017e\u010fan a druh\u00e1 u \u00dast\u00ed. Nicm\u00e9n\u011b i to jsme zvl\u00e1dli. V\u00fdletu zdar![:en]On Friday May 5 we led to German Erfurt for National Show on Sunday and International Show on Saturday together with our friends <a href=\"http:\/\/brownpoodle.cz\/\">Ruddie<\/a>, Choco and\u00a0<a href=\"http:\/\/cranjala.weebly.com\/\">Vendy.<\/a><\/p>\n<div class='fotorama--wp' data-ids='1876'data-link='file'data-itemtag='dl'data-icontag='dt'data-captiontag='dd'data-columns='0'data-size='large'data-width='525'data-auto='false'data-max-width='100%'data-ratio='1.3324873096447'><div id='gallery-5' class='gallery galleryid-1872 gallery-columns-0 gallery-size-thumbnail'><dl class='gallery-item'>\n\t\t\t<dt class='gallery-icon landscape'>\n\t\t\t\t<a href='https:\/\/www.ambershades.cz\/wp-content\/uploads\/2017\/05\/1705-vsichni-tri-e1546958576647.jpg' data-full='https:\/\/www.ambershades.cz\/wp-content\/uploads\/2017\/05\/1705-vsichni-tri-e1546958576647.jpg'><img loading=\"lazy\" decoding=\"async\" width=\"150\" height=\"150\" src=\"https:\/\/www.ambershades.cz\/wp-content\/uploads\/2017\/05\/1705-vsichni-tri-150x150.jpg\" class=\"attachment-thumbnail size-thumbnail\" alt=\"\" \/><\/a>\n\t\t\t<\/dt><\/dl>\n\t\t<\/div>\n<\/div>\n<p>We&#8217;ve been accomodated 10 minuts driving from the expo hall. The accomodation was very nice, in an extremely calm village. We missed a knive in the kitchent, but there were plenty of wine glasses \ud83d\ude42<\/p>\n<p>On Saturday there were entered about 2000 dogs in\u00a010. Nationale Rassehunde Ausstellung. We had to wain in half an hour long entrance qeue that was a little bit unpleasand according to arrival &#8222;on time&#8220;.<\/p>\n<p>On Saturday National dogshow the poodles were judged by a German judge Ms Doris K\u00fchn. Only 49 poodles were entered. Our very nerd barbie girl Minion (<a href=\"\/en\/feny\/minion\/\">ANNIVERSARY PEARL Ambershades<\/a>) at 22 months of age got Excellent 1, CAC\u00a0DPK, CAC VDH and BOB and according to translator also very nice critique. In the finals we hadn&#8217;t placed. We vere pleased (and surprised) by a ribbon for the BOBs.<\/p>\n<div class='fotorama--wp' data-ids='1874'data-link='file'data-itemtag='dl'data-icontag='dt'data-captiontag='dd'data-columns='0'data-size='large'data-width='525'data-auto='false'data-max-width='100%'data-ratio='1.3324873096447'><div id='gallery-7' class='gallery galleryid-1872 gallery-columns-0 gallery-size-thumbnail'><dl class='gallery-item'>\n\t\t\t<dt class='gallery-icon landscape'>\n\t\t\t\t<a href='https:\/\/www.ambershades.cz\/wp-content\/uploads\/2017\/05\/1705-erfurt-e1546958599384.jpg' data-full='https:\/\/www.ambershades.cz\/wp-content\/uploads\/2017\/05\/1705-erfurt-e1546958599384.jpg'><img loading=\"lazy\" decoding=\"async\" width=\"150\" height=\"150\" src=\"https:\/\/www.ambershades.cz\/wp-content\/uploads\/2017\/05\/1705-erfurt-150x150.jpg\" class=\"attachment-thumbnail size-thumbnail\" alt=\"\" \/><\/a>\n\t\t\t<\/dt><\/dl>\n\t\t<\/div>\n<\/div>\n<p>On Sunday, there were about 2300 dogs entered and we arrived a little bit earlier than a day before and have parked on better place with a good access even with the cages and no entrance queue. There were entered 80 poodles at Sunday15. Internationale Rassehunde Ausstellung and theese were judged by Ms\u00a0Carmen Fischer from Germany. Minion had another successful day and won Excellent 1, CAC\u00a0DPK, CAC VDH, CACIB and BOB!<\/p>\n<p>Summarized, we had a nice trip and also brought home excellent results. We still have points to improve in our ring presentation, and we are working on them.<\/p>\n<p>Minion in the age of 22 months has 4 big German CACs for the German champion (that is one of the difficult tittles in Europe). We&#8217;ve extended her BOB collection to number five and she also has 4 CACIBs. In comparison with her <a href=\"\/en\/psi\/charlie\/\">dad&#8217;s results<\/a> we still have a way to go, but probably we never manage to be as successful due to our dogshow-dilatoy attitude \ud83d\ude42<\/p>\n<p>We had a nice time, the expo hall environment was fine, we appreciated wide selection of food offer &#8211; even though we ate a true hungarion langos for two days and theese we the best in my life \ud83d\ude42<\/p>\n<p>The weather was unexpectedly sunny both days, on Sunday 19 \u00b0C when we were leaven the expo. They route back home was a little bit complicated by two closures of the highway near Dresden and Usti nad Labem.\u00a0But we managed it![:]<\/p>\n","protected":false},"excerpt":{"rendered":"<p>[:cs]V p\u00e1tek 5. kv\u011btna jsme se vydali s Rud\u00e1\u0161kem,\u00a0\u010cokou\u0161em a Vendy do n\u011bmeck\u00e9ho Erfurtu, kde jsme se z\u00fa\u010dastnili v sobotu&hellip;<\/p>\n","protected":false},"author":1,"featured_media":0,"comment_status":"closed","ping_status":"open","sticky":false,"template":"","format":"standard","meta":{"_monsterinsights_skip_tracking":false,"footnotes":""},"categories":[1],"tags":[25,8,7,63,46],"class_list":["post-1872","post","type-post","status-publish","format-standard","hentry","category-blog","tag-bob","tag-cac","tag-cacib","tag-de","tag-minion","no-post-thumbnail"],"_links":{"self":[{"href":"https:\/\/www.ambershades.cz\/en\/wp-json\/wp\/v2\/posts\/1872","targetHints":{"allow":["GET"]}}],"collection":[{"href":"https:\/\/www.ambershades.cz\/en\/wp-json\/wp\/v2\/posts"}],"about":[{"href":"https:\/\/www.ambershades.cz\/en\/wp-json\/wp\/v2\/types\/post"}],"author":[{"embeddable":true,"href":"https:\/\/www.ambershades.cz\/en\/wp-json\/wp\/v2\/users\/1"}],"replies":[{"embeddable":true,"href":"https:\/\/www.ambershades.cz\/en\/wp-json\/wp\/v2\/comments?post=1872"}],"version-history":[{"count":8,"href":"https:\/\/www.ambershades.cz\/en\/wp-json\/wp\/v2\/posts\/1872\/revisions"}],"predecessor-version":[{"id":2621,"href":"https:\/\/www.ambershades.cz\/en\/wp-json\/wp\/v2\/posts\/1872\/revisions\/2621"}],"wp:attachment":[{"href":"https:\/\/www.ambershades.cz\/en\/wp-json\/wp\/v2\/media?parent=1872"}],"wp:term":[{"taxonomy":"category","embeddable":true,"href":"https:\/\/www.ambershades.cz\/en\/wp-json\/wp\/v2\/categories?post=1872"},{"taxonomy":"post_tag","embeddable":true,"href":"https:\/\/www.ambershades.cz\/en\/wp-json\/wp\/v2\/tags?post=1872"}],"curies":[{"name":"wp","href":"https:\/\/api.w.org\/{rel}","templated":true}]}}