{"id":1887,"date":"2017-05-29T16:54:07","date_gmt":"2017-05-29T16:54:07","guid":{"rendered":"https:\/\/www.ambershades.cz\/?p=1887"},"modified":"2019-01-08T14:29:48","modified_gmt":"2019-01-08T14:29:48","slug":"ruzickova-vystava-2017","status":"publish","type":"post","link":"https:\/\/www.ambershades.cz\/en\/ruzickova-vystava-2017\/","title":{"rendered":"[:cs]Mi\u0148onka druhou nejlep\u0161\u00ed fenou klubov\u00e9 v\u00fdstavy[:en]Second best female of poodle specialty for Minion[:]"},"content":{"rendered":"<p>[:cs]<\/p>\n<h2>R\u016f\u017ei\u010dkov\u00e1 klubov\u00e1 v\u00fdstava<\/h2>\n<p>Na ned\u011bli 28.5. jsme m\u011bli p\u0159ihl\u00e1\u0161enou pra\u017eskou klubovou v\u00fdstavu ve Stod\u016flk\u00e1ch.<\/p>\n<p>P\u0159edpov\u011b\u010f po\u010das\u00ed ukazovala na p\u011bkn\u011b parn\u00fd den a p\u0159ed n\u00e1mi byl cel\u00fd cel\u00fd dlouh\u00fd den n\u011bkde vevnit\u0159 v dusnu, nam\u00edsto toho, abychom sebou pl\u00e1cly k vod\u011b&#8230;<\/p>\n<p>Mi\u0148onka (<a href=\"\/feny\/minion\/\">ANNIVERSARY PEARL Ambershades<\/a>) byla naposledy (a mo\u017en\u00e1 i poprv\u00e9 \ud83d\ude42 p\u0159ihl\u00e1\u0161en\u00e1 do mezit\u0159\u00eddy, druh\u00e9 narozeniny u\u017e jsou za rohem. Ve t\u0159\u00edd\u011b byla sama a docela se i panu rozhod\u010d\u00edmu Mario Funkovi z N\u011bmecka l\u00edbila. Z\u00edskala v\u00fdbornou 1 a CAC &#8211; posledn\u00ed \u010dekatel pro \u010desk\u00e9ho \u0161ampiona. Stala se tak m\u00fdm historicky prvn\u00edm odchovan\u00fdm \u0161ampionem \ud83d\ude42 Nad konkurenc\u00ed z\u00a0otev\u0159en\u00e9 t\u0159\u00eddy jako velice mil\u00fd bonus vyb\u011bhala klubov\u00e9ho v\u00edt\u011bze. D\u011bl\u00e1 mi radost, holka moje blon\u010fat\u00e1. <a href=\"http:\/\/cranjala.weebly.com\/\">Za fotky d\u011bkujeme na\u0161\u00ed Vendy<\/a>.<\/p>\n<div class='fotorama--wp' data-ids='1890,1895'data-link='file'data-itemtag='dl'data-icontag='dt'data-captiontag='dd'data-columns='0'data-size='large'data-width='525'data-auto='false'data-max-width='100%'data-ratio='1.7796610169492'><div id='gallery-1' class='gallery galleryid-1887 gallery-columns-0 gallery-size-thumbnail'><dl class='gallery-item'>\n\t\t\t<dt class='gallery-icon landscape'>\n\t\t\t\t<a href='https:\/\/www.ambershades.cz\/wp-content\/uploads\/2017\/05\/18765257_10211073296642724_42013928_o-1024x576.jpg' data-full='https:\/\/www.ambershades.cz\/wp-content\/uploads\/2017\/05\/18765257_10211073296642724_42013928_o-e1546957743159.jpg'><img loading=\"lazy\" decoding=\"async\" width=\"150\" height=\"150\" src=\"https:\/\/www.ambershades.cz\/wp-content\/uploads\/2017\/05\/18765257_10211073296642724_42013928_o-150x150.jpg\" class=\"attachment-thumbnail size-thumbnail\" alt=\"\" \/><\/a>\n\t\t\t<\/dt><\/dl><dl class='gallery-item'>\n\t\t\t<dt class='gallery-icon landscape'>\n\t\t\t\t<a href='https:\/\/www.ambershades.cz\/wp-content\/uploads\/2017\/05\/18788980_10211073296682725_1627637398_o-1024x576.jpg' data-full='https:\/\/www.ambershades.cz\/wp-content\/uploads\/2017\/05\/18788980_10211073296682725_1627637398_o-e1546957757778.jpg'><img loading=\"lazy\" decoding=\"async\" width=\"150\" height=\"150\" src=\"https:\/\/www.ambershades.cz\/wp-content\/uploads\/2017\/05\/18788980_10211073296682725_1627637398_o-150x150.jpg\" class=\"attachment-thumbnail size-thumbnail\" alt=\"\" \/><\/a>\n\t\t\t<\/dt><\/dl>\n\t\t<\/div>\n<\/div>\n<p>N\u011bjak jsme to horko p\u0159e\u017eily do odpoledne a pak se stalo n\u011bco, na co bych si nevsadila. Mi\u0148ousa v z\u00e1v\u011bre\u010dn\u00fdch sout\u011b\u017e\u00edch vyhr\u00e1la nejlep\u0161\u00ed velkou fenu v\u00fdstavy v r\u00e1mci v\u0161ech barev a druhou nejlep\u0161\u00ed fenu v r\u00e1mci v\u0161ech velikost\u00ed! Pro m\u011b je to neuv\u011b\u0159iteln\u00fd \u00fasp\u011bch.<\/p>\n<div class='fotorama--wp' data-ids='1897'data-link='file'data-itemtag='dl'data-icontag='dt'data-captiontag='dd'data-columns='0'data-size='large'data-width='525'data-auto='false'data-max-width='100%'data-ratio='1.3324873096447'><div id='gallery-3' class='gallery galleryid-1887 gallery-columns-0 gallery-size-thumbnail'><dl class='gallery-item'>\n\t\t\t<dt class='gallery-icon landscape'>\n\t\t\t\t<a href='https:\/\/www.ambershades.cz\/wp-content\/uploads\/2017\/05\/170528-mini-stodulky-e1546957780181.jpg' data-full='https:\/\/www.ambershades.cz\/wp-content\/uploads\/2017\/05\/170528-mini-stodulky-e1546957780181.jpg'><img loading=\"lazy\" decoding=\"async\" width=\"150\" height=\"150\" src=\"https:\/\/www.ambershades.cz\/wp-content\/uploads\/2017\/05\/170528-mini-stodulky-150x150.jpg\" class=\"attachment-thumbnail size-thumbnail\" alt=\"\" \/><\/a>\n\t\t\t<\/dt><\/dl>\n\t\t<\/div>\n<\/div>\n<p>Nejv\u011bt\u0161\u00ed radost m\u00e1m z toho, \u017ee se mi blond\u00fdnu poda\u0159ilo a\u017e do odpoledne udr\u017eet ve vesel\u00e9 n\u00e1lad\u011b a s ohledem na po\u010das\u00ed i po\u0159\u00e1dn\u011b napitou \ud83d\ude42<\/p>\n<h2>Bonitace<\/h2>\n<p>P\u0159i klubov\u00e9 v\u00fdstav\u011b jsme tak\u00e9 rovnou zvl\u00e1dli zbonitovat na\u0161\u00ed blon\u010fatou ml\u00e1de\u017e &#8211; jak <a href=\"\/feny\/minion\/\">Mi\u0148onka<\/a>, tak <a href=\"\/psi\/diamond\/\">Diamond <\/a>jsou tedy od ned\u011ble ofici\u00e1ln\u011b chovn\u00ed.[:en]<\/p>\n<h2>Rose Poodle SpecialtyR\u016f\u017ei\u010dkov\u00e1 klubov\u00e1 v\u00fdstava<\/h2>\n<p>On Sunday May 28 we&#8217;ve entered in a Prague poodle specialty. The weather forecast was predicting a tropical day and we had to spent whole day closed inside instead of being somewhere by the pool.<\/p>\n<p>Minion (<a href=\"\/en\/feny\/minion\/\">ANNIVERSARY PEARL Ambershades<\/a>) was for the last time\u00a0(and also probably for the first time \ud83d\ude42 entered in the intermediate class. She was alone in the class and was rewarded by a judge Mr Mario Funk from Germany as excellent 1, CAC &#8211; this was the last certificate required for complete the Champion of the Czech republic. I&#8217;m happy to announce she&#8217;s also my first home-bred champion. In competition from the open class she finally got a Club Winner also! I&#8217;m very proud on my little girl.\u00a0<a href=\"http:\/\/cranjala.weebly.com\/\">Pitures taken by Vendy<\/a>.<\/p>\n<div class='fotorama--wp' data-ids='1890,1895'data-link='file'data-itemtag='dl'data-icontag='dt'data-captiontag='dd'data-columns='0'data-size='large'data-width='525'data-auto='false'data-max-width='100%'data-ratio='1.7796610169492'><div id='gallery-5' class='gallery galleryid-1887 gallery-columns-0 gallery-size-thumbnail'><dl class='gallery-item'>\n\t\t\t<dt class='gallery-icon landscape'>\n\t\t\t\t<a href='https:\/\/www.ambershades.cz\/wp-content\/uploads\/2017\/05\/18765257_10211073296642724_42013928_o-1024x576.jpg' data-full='https:\/\/www.ambershades.cz\/wp-content\/uploads\/2017\/05\/18765257_10211073296642724_42013928_o-e1546957743159.jpg'><img loading=\"lazy\" decoding=\"async\" width=\"150\" height=\"150\" src=\"https:\/\/www.ambershades.cz\/wp-content\/uploads\/2017\/05\/18765257_10211073296642724_42013928_o-150x150.jpg\" class=\"attachment-thumbnail size-thumbnail\" alt=\"\" \/><\/a>\n\t\t\t<\/dt><\/dl><dl class='gallery-item'>\n\t\t\t<dt class='gallery-icon landscape'>\n\t\t\t\t<a href='https:\/\/www.ambershades.cz\/wp-content\/uploads\/2017\/05\/18788980_10211073296682725_1627637398_o-1024x576.jpg' data-full='https:\/\/www.ambershades.cz\/wp-content\/uploads\/2017\/05\/18788980_10211073296682725_1627637398_o-e1546957757778.jpg'><img loading=\"lazy\" decoding=\"async\" width=\"150\" height=\"150\" src=\"https:\/\/www.ambershades.cz\/wp-content\/uploads\/2017\/05\/18788980_10211073296682725_1627637398_o-150x150.jpg\" class=\"attachment-thumbnail size-thumbnail\" alt=\"\" \/><\/a>\n\t\t\t<\/dt><\/dl>\n\t\t<\/div>\n<\/div>\n<p>We&#8217;ve made it through the hot afternoon and in the finals happened something really unexpected by me. Minion won the best standard female from all the colours and the second best female of the show from all sizes. Really uncredible success for me!<\/p>\n<div class='fotorama--wp' data-ids='1897'data-link='file'data-itemtag='dl'data-icontag='dt'data-captiontag='dd'data-columns='0'data-size='large'data-width='525'data-auto='false'data-max-width='100%'data-ratio='1.3324873096447'><div id='gallery-7' class='gallery galleryid-1887 gallery-columns-0 gallery-size-thumbnail'><dl class='gallery-item'>\n\t\t\t<dt class='gallery-icon landscape'>\n\t\t\t\t<a href='https:\/\/www.ambershades.cz\/wp-content\/uploads\/2017\/05\/170528-mini-stodulky-e1546957780181.jpg' data-full='https:\/\/www.ambershades.cz\/wp-content\/uploads\/2017\/05\/170528-mini-stodulky-e1546957780181.jpg'><img loading=\"lazy\" decoding=\"async\" width=\"150\" height=\"150\" src=\"https:\/\/www.ambershades.cz\/wp-content\/uploads\/2017\/05\/170528-mini-stodulky-150x150.jpg\" class=\"attachment-thumbnail size-thumbnail\" alt=\"\" \/><\/a>\n\t\t\t<\/dt><\/dl>\n\t\t<\/div>\n<\/div>\n<p>My biggest win of this day was keeping Minion in good mood until the finals and properly hydrated in this kind of wather \u00a0\ud83d\ude42<\/p>\n<h2>Breeding examination<\/h2>\n<p>Our blond youngsters <a href=\"\/en\/feny\/minion\/\">Minion<\/a>\u00a0and\u00a0<a href=\"\/en\/psi\/diamond\/\">Diamond <\/a>passed their breeding examination\u00a0by this speciality and they&#8217;re both aproved for breeding under FCI regulations.[:]<\/p>\n","protected":false},"excerpt":{"rendered":"<p>[:cs] R\u016f\u017ei\u010dkov\u00e1 klubov\u00e1 v\u00fdstava Na ned\u011bli 28.5. jsme m\u011bli p\u0159ihl\u00e1\u0161enou pra\u017eskou klubovou v\u00fdstavu ve Stod\u016flk\u00e1ch. P\u0159edpov\u011b\u010f po\u010das\u00ed ukazovala na p\u011bkn\u011b&hellip;<\/p>\n","protected":false},"author":1,"featured_media":0,"comment_status":"closed","ping_status":"open","sticky":false,"template":"","format":"standard","meta":{"_monsterinsights_skip_tracking":false,"footnotes":""},"categories":[1],"tags":[8,66,27,51,67,46],"class_list":["post-1887","post","type-post","status-publish","format-standard","hentry","category-blog","tag-cac","tag-club-winner","tag-clubshow","tag-klubovka","tag-klubovy-vitez","tag-minion","no-post-thumbnail"],"_links":{"self":[{"href":"https:\/\/www.ambershades.cz\/en\/wp-json\/wp\/v2\/posts\/1887","targetHints":{"allow":["GET"]}}],"collection":[{"href":"https:\/\/www.ambershades.cz\/en\/wp-json\/wp\/v2\/posts"}],"about":[{"href":"https:\/\/www.ambershades.cz\/en\/wp-json\/wp\/v2\/types\/post"}],"author":[{"embeddable":true,"href":"https:\/\/www.ambershades.cz\/en\/wp-json\/wp\/v2\/users\/1"}],"replies":[{"embeddable":true,"href":"https:\/\/www.ambershades.cz\/en\/wp-json\/wp\/v2\/comments?post=1887"}],"version-history":[{"count":8,"href":"https:\/\/www.ambershades.cz\/en\/wp-json\/wp\/v2\/posts\/1887\/revisions"}],"predecessor-version":[{"id":2620,"href":"https:\/\/www.ambershades.cz\/en\/wp-json\/wp\/v2\/posts\/1887\/revisions\/2620"}],"wp:attachment":[{"href":"https:\/\/www.ambershades.cz\/en\/wp-json\/wp\/v2\/media?parent=1887"}],"wp:term":[{"taxonomy":"category","embeddable":true,"href":"https:\/\/www.ambershades.cz\/en\/wp-json\/wp\/v2\/categories?post=1887"},{"taxonomy":"post_tag","embeddable":true,"href":"https:\/\/www.ambershades.cz\/en\/wp-json\/wp\/v2\/tags?post=1887"}],"curies":[{"name":"wp","href":"https:\/\/api.w.org\/{rel}","templated":true}]}}