{"id":2101,"date":"2017-11-12T15:41:50","date_gmt":"2017-11-12T15:41:50","guid":{"rendered":"https:\/\/www.ambershades.cz\/?p=2101"},"modified":"2018-05-15T11:06:49","modified_gmt":"2018-05-15T11:06:49","slug":"svetova-vystava-lipsko","status":"publish","type":"post","link":"https:\/\/www.ambershades.cz\/en\/svetova-vystava-lipsko\/","title":{"rendered":"<!--:cs-->Sv\u011btov\u00e1 v\u00fdstava Lipsko<!--:--><!--:en-->World Dog Show 2017 Leipzig<!--:-->"},"content":{"rendered":"<p><!--:cs--><\/p>\n<h2>Gener\u00e1lka na mezin\u00e1rodn\u00ed v\u00fdstav\u011b v Praze 5. 11.<\/h2>\n<p>Gener\u00e1lka na mezin\u00e1rodce v Praze nedopadla a\u017e tak v\u00fdborn\u011b, sp\u00ed\u0161 jen velmi dob\u0159e&#8230; Tro\u0161ku n\u00e1s to od pan\u00ed rozhod\u010d\u00ed P. Richard zasko\u010dilo, nebo\u0165 dvakr\u00e1t jsme u n\u00ed byly na v\u00fdbornou. Ale to je \u017eivot, v\u016fbec jsme se nezlobily, proto\u017ee jsme str\u00e1vily \u00fapln\u011b super den s na\u0161imi ps\u00edmi i lidsk\u00fdmi kamar\u00e1dy. Nav\u00edc to Mi\u0148ouse pekeln\u011b slu\u0161elo \ud83d\ude42<\/p>\n<div class='fotorama--wp' data-ids='2112'data-link='file'data-itemtag='dl'data-icontag='dt'data-captiontag='dd'data-columns='0'data-size='large'data-width='525'data-auto='false'data-max-width='100%'data-ratio='0.75'><div id='gallery-1' class='gallery galleryid-2101 gallery-columns-0 gallery-size-thumbnail'><dl class='gallery-item'>\n\t\t\t<dt class='gallery-icon portrait'>\n\t\t\t\t<a href='https:\/\/www.ambershades.cz\/wp-content\/uploads\/2017\/11\/praha.jpg' data-full='https:\/\/www.ambershades.cz\/wp-content\/uploads\/2017\/11\/praha.jpg'><img loading=\"lazy\" decoding=\"async\" width=\"150\" height=\"150\" src=\"https:\/\/www.ambershades.cz\/wp-content\/uploads\/2017\/11\/praha-150x150.jpg\" class=\"attachment-thumbnail size-thumbnail\" alt=\"\" \/><\/a>\n\t\t\t<\/dt><\/dl>\n\t\t<\/div>\n<\/div>\n<h2>Sv\u011btov\u00e1 v\u00fdstava ps\u016f 2017 Lipsko<\/h2>\n<p>Sv\u011btov\u00e1 v\u00fdstava ps\u016f v Lipsku pro m\u011b byla dlouho pl\u00e1novan\u00e1. Nakonec jsem \u00fa\u010dast s ohledem na rozhod\u010d\u00ed zru\u0161ila&#8230;T\u0159i dny p\u0159ed uz\u00e1v\u011brkou ale do\u0161lo kv\u016fli velk\u00e9mu po\u010dtu p\u0159ihl\u00e1\u0161en\u00fdch ps\u016f v ke zm\u011bn\u011b rozhod\u010d\u00ed pro na\u0161\u00ed barvu. Pro m\u011b to bylo znamen\u00ed, tak jsem p\u0159ehodnotila v\u00fdstavn\u00ed kalend\u00e1\u0159 pro zbytek roku\u00a0na rychlo p\u0159ihl\u00e1sila&#8230;<\/p>\n<p>V p\u00e1tek 10. 11. 2017 jsme v brzk\u00fdch rann\u00edch hodin\u00e1ch vyrazily na cestu ve slo\u017een\u00ed j\u00e1 a Mi\u0148ousa za realiza\u010dn\u00ed t\u00fdm a moje hodn\u00e1 maminka za support t\u00fdm.<\/p>\n<p>V p\u016flce cesty se m\u011b maminka pt\u00e1:<\/p>\n<blockquote><p>&#8211; A na jakou to vlastn\u011b jedeme v\u00fdstavu?<\/p>\n<p>&#8211; Mami, jedeme na SV\u011aTOVKU&#8230;!<\/p>\n<p>&#8211; Aha, tak super, na sv\u011btovce jsme dlouho nebyly&#8230; \ud83d\ude00 \ud83d\ude00<\/p><\/blockquote>\n<p>Asi 5 km p\u0159ed Lipskem za\u010dalo pr\u0161et. Dojeli jsme celkem v\u010das, chytly jsme parkovac\u00ed m\u00edsto bl\u00edzko haly. M\u011bli jsme \u0161t\u011bst\u00ed, \u017ee na p\u0159esun z auta a na ven\u010den\u00ed p\u0159estalo pr\u0161et. Pak u\u017e lilo cel\u00fd den.<\/p>\n<p>Atmosf\u00e9ra fajnov\u00e1&#8230;Nap\u011bt\u00ed zhruba asi desetinov\u00e9 &#8211; na sv\u011btovku se p\u0159eci jezd\u00ed jen uk\u00e1zat se, ne se um\u00edstit&#8230;Tak\u017ee mo\u017en\u00e1 d\u00edky m\u00e9n\u011b stresu o to lep\u0161\u00ed v\u00fdsledek.<\/p>\n<p>Mi\u0148ousa v opravdu velk\u00e9 konkurenci vyhr\u00e1la otev\u0159enou t\u0159\u00eddu (v N\u011bmecku chod\u00ed apricoti dohromady se st\u0159\u00edbr\u0148\u00e1ky). Pro m\u011b naprosto \u00fa\u017easn\u00e9, neuv\u011b\u0159iteln\u00e9&#8230;prost\u011b pecka&#8230;! &#8211; Tak\u017ee ofici\u00e1ln\u011b ANNIVERSARY PEARL Ambershadeds Ex. 1, CAC-VDH! Posuzovala pan rozhod\u010d\u00ed Jadranka Mijatovic z Chorvatska.<\/p>\n<div class='fotorama--wp' data-ids='2113'data-link='file'data-itemtag='dl'data-icontag='dt'data-captiontag='dd'data-columns='0'data-size='large'data-width='525'data-auto='false'data-max-width='100%'data-ratio='1.271186440678'><div id='gallery-3' class='gallery galleryid-2101 gallery-columns-0 gallery-size-thumbnail'><dl class='gallery-item'>\n\t\t\t<dt class='gallery-icon landscape'>\n\t\t\t\t<a href='https:\/\/www.ambershades.cz\/wp-content\/uploads\/2017\/11\/wds5.jpg' data-full='https:\/\/www.ambershades.cz\/wp-content\/uploads\/2017\/11\/wds5.jpg'><img loading=\"lazy\" decoding=\"async\" width=\"150\" height=\"150\" src=\"https:\/\/www.ambershades.cz\/wp-content\/uploads\/2017\/11\/wds5-150x150.jpg\" class=\"attachment-thumbnail size-thumbnail\" alt=\"\" \/><\/a>\n\t\t\t<\/dt><\/dl>\n\t\t<\/div>\n<\/div>\n<p>Kvalitu fotky, pros\u00edm, omluvte. Fotila maminka telefonem s praskou \u010do\u010dkou (p\u0159esn\u011bji s prokouslou \u010do\u010dkou, od na\u0161eho <a href=\"\/en\/psi\/diamond\/\">Daj\u00e1ka<\/a>)<\/p>\n<div class='fotorama--wp' data-ids='2109,2108'data-link='file'data-itemtag='dl'data-icontag='dt'data-captiontag='dd'data-columns='0'data-size='large'data-width='525'data-auto='false'data-max-width='100%'data-ratio='1.3324873096447'><div id='gallery-5' class='gallery galleryid-2101 gallery-columns-0 gallery-size-thumbnail'><dl class='gallery-item'>\n\t\t\t<dt class='gallery-icon landscape'>\n\t\t\t\t<a href='https:\/\/www.ambershades.cz\/wp-content\/uploads\/2017\/11\/wds2.jpg' data-full='https:\/\/www.ambershades.cz\/wp-content\/uploads\/2017\/11\/wds2.jpg'><img loading=\"lazy\" decoding=\"async\" width=\"150\" height=\"150\" src=\"https:\/\/www.ambershades.cz\/wp-content\/uploads\/2017\/11\/wds2-150x150.jpg\" class=\"attachment-thumbnail size-thumbnail\" alt=\"\" \/><\/a>\n\t\t\t<\/dt><\/dl><dl class='gallery-item'>\n\t\t\t<dt class='gallery-icon portrait'>\n\t\t\t\t<a href='https:\/\/www.ambershades.cz\/wp-content\/uploads\/2017\/11\/wds3.jpg' data-full='https:\/\/www.ambershades.cz\/wp-content\/uploads\/2017\/11\/wds3.jpg'><img loading=\"lazy\" decoding=\"async\" width=\"150\" height=\"150\" src=\"https:\/\/www.ambershades.cz\/wp-content\/uploads\/2017\/11\/wds3-150x150.jpg\" class=\"attachment-thumbnail size-thumbnail\" alt=\"\" \/><\/a>\n\t\t\t<\/dt><\/dl>\n\t\t<\/div>\n<\/div>\n<p>Pro\u0161li jsme v\u00fdstavi\u0161t\u011b &#8211; mimochodem opravdu p\u011bkn\u00e9 prostory! &#8211; a vyrazili sm\u011brem dom\u016f.<\/p>\n<p>Stihly jsme nalo\u017eit Mi\u0148ousu do auta, p\u0159i strk\u00e1n\u00ed zbytku v\u011bc\u00ed u\u017e kr\u00e1palo, kdy\u017e jsme nasedly, tak za\u010dalo znovu lejt.<\/p>\n<p>Cesta dom\u016f u\u017e cesta nebyla a\u017e tak fajnov\u00e1 &#8211; stra\u0161n\u00fd provoz kolem Lipska, lilo a lilo a lilo&#8230;v Praze snad p\u0159ist\u00e1li mar\u0165ani&#8230;ale po 4 hodink\u00e1ch cesty bezpe\u010dn\u011b doma.<\/p>\n<div class='fotorama--wp' data-ids='2111,2107'data-link='file'data-itemtag='dl'data-icontag='dt'data-captiontag='dd'data-columns='0'data-size='large'data-width='525'data-auto='false'data-max-width='100%'data-ratio='0.75'><div id='gallery-7' class='gallery galleryid-2101 gallery-columns-0 gallery-size-thumbnail'><dl class='gallery-item'>\n\t\t\t<dt class='gallery-icon portrait'>\n\t\t\t\t<a href='https:\/\/www.ambershades.cz\/wp-content\/uploads\/2017\/11\/wds6.jpg' data-full='https:\/\/www.ambershades.cz\/wp-content\/uploads\/2017\/11\/wds6.jpg'><img loading=\"lazy\" decoding=\"async\" width=\"150\" height=\"150\" src=\"https:\/\/www.ambershades.cz\/wp-content\/uploads\/2017\/11\/wds6-150x150.jpg\" class=\"attachment-thumbnail size-thumbnail\" alt=\"\" \/><\/a>\n\t\t\t<\/dt><\/dl><dl class='gallery-item'>\n\t\t\t<dt class='gallery-icon landscape'>\n\t\t\t\t<a href='https:\/\/www.ambershades.cz\/wp-content\/uploads\/2017\/11\/wds4.jpg' data-full='https:\/\/www.ambershades.cz\/wp-content\/uploads\/2017\/11\/wds4.jpg'><img loading=\"lazy\" decoding=\"async\" width=\"150\" height=\"150\" src=\"https:\/\/www.ambershades.cz\/wp-content\/uploads\/2017\/11\/wds4-150x150.jpg\" class=\"attachment-thumbnail size-thumbnail\" alt=\"\" \/><\/a>\n\t\t\t<\/dt><\/dl>\n\t\t<\/div>\n<\/div>\n<p>N\u00e1\u0161 velk\u00fd \u00fasp\u011bch jsme oslavily ve\u010der komorn\u011b, o v\u00edkendu pak po\u0159\u00e1dnou zabahn\u011bnou proch\u00e1zkou.<!--:--><!--:en--><\/p>\n<h2>General prove in Prague\u00a05. 11.<\/h2>\n<p>The general prove at international show in Prague wasn&#8217;t excellent, just very good&#8230;We were a little bit surprised by a judge P. Richard who rewarded us twice excellent before, but not angry at all. We spent nice day with our dear friends both dog and human. An Minion was for me the nicest Barbie dog of the show!<\/p>\n<div class='fotorama--wp' data-ids='2112'data-link='file'data-itemtag='dl'data-icontag='dt'data-captiontag='dd'data-columns='0'data-size='large'data-width='525'data-auto='false'data-max-width='100%'data-ratio='0.75'><div id='gallery-9' class='gallery galleryid-2101 gallery-columns-0 gallery-size-thumbnail'><dl class='gallery-item'>\n\t\t\t<dt class='gallery-icon portrait'>\n\t\t\t\t<a href='https:\/\/www.ambershades.cz\/wp-content\/uploads\/2017\/11\/praha.jpg' data-full='https:\/\/www.ambershades.cz\/wp-content\/uploads\/2017\/11\/praha.jpg'><img loading=\"lazy\" decoding=\"async\" width=\"150\" height=\"150\" src=\"https:\/\/www.ambershades.cz\/wp-content\/uploads\/2017\/11\/praha-150x150.jpg\" class=\"attachment-thumbnail size-thumbnail\" alt=\"\" \/><\/a>\n\t\t\t<\/dt><\/dl>\n\t\t<\/div>\n<\/div>\n<h2>World Dog Show 2017\u00a0Leipzig<\/h2>\n<p>I was planning to attend this dog show for a long time, but finally decided not to enter due to planned judge. About three days before the last entry deadline there happened a judge change due to the number of the dogs entered. For me it was a sign so I changed our show agenda for the rest of the year and entered Minion&#8230;<\/p>\n<p>On Friday November 10 we started our trip for Leipzig very early morning. Realization team Me and Minior and Support team &#8211; our Mommy.<\/p>\n<p>In a half a way my Mom asks me:<\/p>\n<blockquote><p>&#8211;\u00a0 What is the show we are comming like?<\/p>\n<p>&#8211; Mom, we are going for the WORLD DOG SHOW&#8230;!<\/p>\n<p>&#8211; Allrigh, we haven&#8217;t been at the world dog show for a while &#8230; \ud83d\ude00 \ud83d\ude00<\/p><\/blockquote>\n<p>About 5 kms before Leipzig it started to rain. We arrived in time so we parked near the hall and we were lucky to move to our place without the rain. Then it was pouring for whole day.<\/p>\n<p>The atmosphere was wonderful&#8230;and the stress level just on one tenth as ususal&#8230;You usualy go to the world dog show just to show yourselves, not to place&#8230;<\/p>\n<p>Minion in very hard competition won the open class fawn\/silver bitches (in Germany this colours compete on the class level). For me totally wonderful, incredible&#8230;just the best! So officially,\u00a0ANNIVERSARY PEARL Ambershadeds Ex. 1, CAC-VDH! Our ring was judged by Ms. Jadranka Mijatovic from Croatia.<\/p>\n<div class='fotorama--wp' data-ids='2113'data-link='file'data-itemtag='dl'data-icontag='dt'data-captiontag='dd'data-columns='0'data-size='large'data-width='525'data-auto='false'data-max-width='100%'data-ratio='1.271186440678'><div id='gallery-11' class='gallery galleryid-2101 gallery-columns-0 gallery-size-thumbnail'><dl class='gallery-item'>\n\t\t\t<dt class='gallery-icon landscape'>\n\t\t\t\t<a href='https:\/\/www.ambershades.cz\/wp-content\/uploads\/2017\/11\/wds5.jpg' data-full='https:\/\/www.ambershades.cz\/wp-content\/uploads\/2017\/11\/wds5.jpg'><img loading=\"lazy\" decoding=\"async\" width=\"150\" height=\"150\" src=\"https:\/\/www.ambershades.cz\/wp-content\/uploads\/2017\/11\/wds5-150x150.jpg\" class=\"attachment-thumbnail size-thumbnail\" alt=\"\" \/><\/a>\n\t\t\t<\/dt><\/dl>\n\t\t<\/div>\n<\/div>\n<p>Sorry for the pic quality, it was taken by a cracked len of my Moms cell phone (better said, by a bite len by our\u00a0<a href=\"\/en\/psi\/diamond\/\">Diamond<\/a>)<\/p>\n<div class='fotorama--wp' data-ids='2109,2108'data-link='file'data-itemtag='dl'data-icontag='dt'data-captiontag='dd'data-columns='0'data-size='large'data-width='525'data-auto='false'data-max-width='100%'data-ratio='1.3324873096447'><div id='gallery-13' class='gallery galleryid-2101 gallery-columns-0 gallery-size-thumbnail'><dl class='gallery-item'>\n\t\t\t<dt class='gallery-icon landscape'>\n\t\t\t\t<a href='https:\/\/www.ambershades.cz\/wp-content\/uploads\/2017\/11\/wds2.jpg' data-full='https:\/\/www.ambershades.cz\/wp-content\/uploads\/2017\/11\/wds2.jpg'><img loading=\"lazy\" decoding=\"async\" width=\"150\" height=\"150\" src=\"https:\/\/www.ambershades.cz\/wp-content\/uploads\/2017\/11\/wds2-150x150.jpg\" class=\"attachment-thumbnail size-thumbnail\" alt=\"\" \/><\/a>\n\t\t\t<\/dt><\/dl><dl class='gallery-item'>\n\t\t\t<dt class='gallery-icon portrait'>\n\t\t\t\t<a href='https:\/\/www.ambershades.cz\/wp-content\/uploads\/2017\/11\/wds3.jpg' data-full='https:\/\/www.ambershades.cz\/wp-content\/uploads\/2017\/11\/wds3.jpg'><img loading=\"lazy\" decoding=\"async\" width=\"150\" height=\"150\" src=\"https:\/\/www.ambershades.cz\/wp-content\/uploads\/2017\/11\/wds3-150x150.jpg\" class=\"attachment-thumbnail size-thumbnail\" alt=\"\" \/><\/a>\n\t\t\t<\/dt><\/dl>\n\t\t<\/div>\n<\/div>\n<p>We walked the expo center area &#8211; BTW wery nice spaces &#8211; and led way\u00a0 back home.<\/p>\n<p>We just loades Mini in the car and it started to drip again. We loaded the rest of our baggage in the car and it started to pour. We managed to load everything just in time!<\/p>\n<p>The route way home wasn&#8217;t fine at all &#8211; the traffic jam at the highway from Leipzig&#8230;and in Prague I guess there was a Martian landing at least&#8230;but we arrived safely after 4 hours driving..<\/p>\n<div class='fotorama--wp' data-ids='2111,2107'data-link='file'data-itemtag='dl'data-icontag='dt'data-captiontag='dd'data-columns='0'data-size='large'data-width='525'data-auto='false'data-max-width='100%'data-ratio='0.75'><div id='gallery-15' class='gallery galleryid-2101 gallery-columns-0 gallery-size-thumbnail'><dl class='gallery-item'>\n\t\t\t<dt class='gallery-icon portrait'>\n\t\t\t\t<a href='https:\/\/www.ambershades.cz\/wp-content\/uploads\/2017\/11\/wds6.jpg' data-full='https:\/\/www.ambershades.cz\/wp-content\/uploads\/2017\/11\/wds6.jpg'><img loading=\"lazy\" decoding=\"async\" width=\"150\" height=\"150\" src=\"https:\/\/www.ambershades.cz\/wp-content\/uploads\/2017\/11\/wds6-150x150.jpg\" class=\"attachment-thumbnail size-thumbnail\" alt=\"\" \/><\/a>\n\t\t\t<\/dt><\/dl><dl class='gallery-item'>\n\t\t\t<dt class='gallery-icon landscape'>\n\t\t\t\t<a href='https:\/\/www.ambershades.cz\/wp-content\/uploads\/2017\/11\/wds4.jpg' data-full='https:\/\/www.ambershades.cz\/wp-content\/uploads\/2017\/11\/wds4.jpg'><img loading=\"lazy\" decoding=\"async\" width=\"150\" height=\"150\" src=\"https:\/\/www.ambershades.cz\/wp-content\/uploads\/2017\/11\/wds4-150x150.jpg\" class=\"attachment-thumbnail size-thumbnail\" alt=\"\" \/><\/a>\n\t\t\t<\/dt><\/dl>\n\t\t<\/div>\n<\/div>\n<p>We celebrated our big success just a little bit on the evening, we made a big muddy walk on the weekend.<!--:--><\/p>","protected":false},"excerpt":{"rendered":"<p>Gener\u00e1lka na mezin\u00e1rodn\u00ed v\u00fdstav\u011b v Praze 5. 11. Gener\u00e1lka na mezin\u00e1rodce v Praze nedopadla a\u017e tak v\u00fdborn\u011b, sp\u00ed\u0161 jen velmi&hellip;<\/p>","protected":false},"author":1,"featured_media":0,"comment_status":"closed","ping_status":"open","sticky":false,"template":"","format":"standard","meta":{"_monsterinsights_skip_tracking":false,"footnotes":""},"categories":[1],"tags":[8,46,5,72,50,19],"class_list":["post-2101","post","type-post","status-publish","format-standard","hentry","category-blog","tag-cac","tag-minion","tag-show","tag-svetovka","tag-vystavy","tag-wds","no-post-thumbnail"],"_links":{"self":[{"href":"https:\/\/www.ambershades.cz\/en\/wp-json\/wp\/v2\/posts\/2101","targetHints":{"allow":["GET"]}}],"collection":[{"href":"https:\/\/www.ambershades.cz\/en\/wp-json\/wp\/v2\/posts"}],"about":[{"href":"https:\/\/www.ambershades.cz\/en\/wp-json\/wp\/v2\/types\/post"}],"author":[{"embeddable":true,"href":"https:\/\/www.ambershades.cz\/en\/wp-json\/wp\/v2\/users\/1"}],"replies":[{"embeddable":true,"href":"https:\/\/www.ambershades.cz\/en\/wp-json\/wp\/v2\/comments?post=2101"}],"version-history":[{"count":8,"href":"https:\/\/www.ambershades.cz\/en\/wp-json\/wp\/v2\/posts\/2101\/revisions"}],"predecessor-version":[{"id":2117,"href":"https:\/\/www.ambershades.cz\/en\/wp-json\/wp\/v2\/posts\/2101\/revisions\/2117"}],"wp:attachment":[{"href":"https:\/\/www.ambershades.cz\/en\/wp-json\/wp\/v2\/media?parent=2101"}],"wp:term":[{"taxonomy":"category","embeddable":true,"href":"https:\/\/www.ambershades.cz\/en\/wp-json\/wp\/v2\/categories?post=2101"},{"taxonomy":"post_tag","embeddable":true,"href":"https:\/\/www.ambershades.cz\/en\/wp-json\/wp\/v2\/tags?post=2101"}],"curies":[{"name":"wp","href":"https:\/\/api.w.org\/{rel}","templated":true}]}}