{"id":2119,"date":"2017-12-03T17:56:21","date_gmt":"2017-12-03T17:56:21","guid":{"rendered":"https:\/\/www.ambershades.cz\/?p=2119"},"modified":"2018-05-15T11:06:48","modified_gmt":"2018-05-15T11:06:48","slug":"prosincovy-wels","status":"publish","type":"post","link":"https:\/\/www.ambershades.cz\/en\/prosincovy-wels\/","title":{"rendered":"<!--:cs-->Prosincov\u00fd Wels<!--:--><!--:en-->Wels in December<!--:-->"},"content":{"rendered":"<p><!--:cs-->Leto\u0161n\u00ed v\u00edce ne\u017e \u00fasp\u011b\u0161nou v\u00fdstavn\u00ed sez\u00f3nu jsme s <a href=\"\/en\/feny\/minion\/\">Mi\u0148ousou <\/a>zavr\u0161ili v sobotu 2. prosince v rakousk\u00e9m Welsu.<\/p>\n<p>Leto\u0161n\u00ed Wels n\u00e1m p\u0159ipadal zna\u010dn\u011b men\u0161\u00ed, ne\u017e v p\u0159edchoz\u00edch letech, ale na druhou stranu m\u00e9n\u011b lid\u00ed mezi kruhy a u st\u00e1nk\u016f v\u016fbec nevadilo \ud83d\ude42 V hal\u00e1ch bylo za m\u011b super sv\u011btlo (tepl\u00e1 b\u00edl\u00e1 s tro\u0161ku vysv\u00edcen\u00fdmi z\u00e1\u0159ivkami), tak\u017ee Mi\u0148ouska vypadala norm\u00e1ln\u011b barevn\u011b a ne vyblit\u011b.<\/p>\n<p><a href=\"\/en\/feny\/minion\/\">Minion <\/a>byla p\u0159ihl\u00e1\u0161en\u00e1 do t\u0159\u00eddy \u0161ampion\u016f a byla moc \u0161ikovn\u00e1. Vyb\u011bhala si V1, CACA, CACIB, nejlep\u0161\u00ed fenu a BOBa od pan\u00ed rozhod\u010d\u00ed Iris Urschitz. To ale nen\u00ed v\u0161echno&#8230;z\u00edskala posledn\u00edho CACA na \u0160ampiona Rakouska a posledn\u00edho CACIBa na inter\u0161ampiona! Nejlep\u0161\u00ed z\u00e1v\u011br sez\u00f3ny, co se n\u00e1m jen mohl poda\u0159it.<\/p>\n<p><div class='fotorama--wp' data-ids='2120,2121'data-link='file'data-itemtag='dl'data-icontag='dt'data-captiontag='dd'data-columns='0'data-size='large'data-width='525'data-auto='false'data-max-width='100%'data-ratio='1.3324873096447'><div id='gallery-1' class='gallery galleryid-2119 gallery-columns-0 gallery-size-thumbnail'><dl class='gallery-item'>\n\t\t\t<dt class='gallery-icon landscape'>\n\t\t\t\t<a href='https:\/\/www.ambershades.cz\/wp-content\/uploads\/2017\/12\/1712-wels1.jpg' data-full='https:\/\/www.ambershades.cz\/wp-content\/uploads\/2017\/12\/1712-wels1.jpg'><img loading=\"lazy\" decoding=\"async\" width=\"150\" height=\"150\" src=\"https:\/\/www.ambershades.cz\/wp-content\/uploads\/2017\/12\/1712-wels1-150x150.jpg\" class=\"attachment-thumbnail size-thumbnail\" alt=\"\" \/><\/a>\n\t\t\t<\/dt><\/dl><dl class='gallery-item'>\n\t\t\t<dt class='gallery-icon portrait'>\n\t\t\t\t<a href='https:\/\/www.ambershades.cz\/wp-content\/uploads\/2017\/12\/1712-wels2.jpg' data-full='https:\/\/www.ambershades.cz\/wp-content\/uploads\/2017\/12\/1712-wels2.jpg'><img loading=\"lazy\" decoding=\"async\" width=\"150\" height=\"150\" src=\"https:\/\/www.ambershades.cz\/wp-content\/uploads\/2017\/12\/1712-wels2-150x150.jpg\" class=\"attachment-thumbnail size-thumbnail\" alt=\"\" \/><\/a>\n\t\t\t<\/dt><\/dl>\n\t\t<\/div>\n<\/div><!--:--><!--:en-->We&#8217;ve just completed our more than succesful show season in Wels, Austria, on December 2.<\/p>\n<p>This year&#8217;s Wels CACIB has seem to be smaller than in the last years to us, but definitely it didn&#8217;t matter &#8211; more space around the rings, more space in the stall halls \ud83d\ude42 For me there was a perfect linghtning &#8211; warm white light in which Minion has her own colour (doesn&#8217;t look like too light).<\/p>\n<p><a href=\"\/en\/feny\/minion\/\">Minion <\/a>was entered in the champion class and was excellent! She won Ex. 1, CACA, CACIB, best female and BOB under Ms. Iris Urschitz! I&#8217;m very proud that I can announce she became a new Champion of Austria and new interchampion (C. I. B.)! The best end of the show season ever!<\/p>\n<p><div class='fotorama--wp' data-ids='2120,2121'data-link='file'data-itemtag='dl'data-icontag='dt'data-captiontag='dd'data-columns='0'data-size='large'data-width='525'data-auto='false'data-max-width='100%'data-ratio='1.3324873096447'><div id='gallery-3' class='gallery galleryid-2119 gallery-columns-0 gallery-size-thumbnail'><dl class='gallery-item'>\n\t\t\t<dt class='gallery-icon landscape'>\n\t\t\t\t<a href='https:\/\/www.ambershades.cz\/wp-content\/uploads\/2017\/12\/1712-wels1.jpg' data-full='https:\/\/www.ambershades.cz\/wp-content\/uploads\/2017\/12\/1712-wels1.jpg'><img loading=\"lazy\" decoding=\"async\" width=\"150\" height=\"150\" src=\"https:\/\/www.ambershades.cz\/wp-content\/uploads\/2017\/12\/1712-wels1-150x150.jpg\" class=\"attachment-thumbnail size-thumbnail\" alt=\"\" \/><\/a>\n\t\t\t<\/dt><\/dl><dl class='gallery-item'>\n\t\t\t<dt class='gallery-icon portrait'>\n\t\t\t\t<a href='https:\/\/www.ambershades.cz\/wp-content\/uploads\/2017\/12\/1712-wels2.jpg' data-full='https:\/\/www.ambershades.cz\/wp-content\/uploads\/2017\/12\/1712-wels2.jpg'><img loading=\"lazy\" decoding=\"async\" width=\"150\" height=\"150\" src=\"https:\/\/www.ambershades.cz\/wp-content\/uploads\/2017\/12\/1712-wels2-150x150.jpg\" class=\"attachment-thumbnail size-thumbnail\" alt=\"\" \/><\/a>\n\t\t\t<\/dt><\/dl>\n\t\t<\/div>\n<\/div><!--:--><\/p>","protected":false},"excerpt":{"rendered":"<p>Leto\u0161n\u00ed v\u00edce ne\u017e \u00fasp\u011b\u0161nou v\u00fdstavn\u00ed sez\u00f3nu jsme s Mi\u0148ousou zavr\u0161ili v sobotu 2. prosince v rakousk\u00e9m Welsu. Leto\u0161n\u00ed Wels n\u00e1m&hellip;<\/p>","protected":false},"author":1,"featured_media":0,"comment_status":"closed","ping_status":"open","sticky":false,"template":"","format":"standard","meta":{"_monsterinsights_skip_tracking":false,"footnotes":""},"categories":[1],"tags":[38,40,70,25,8,7,46,73],"class_list":["post-2119","post","type-post","status-publish","format-standard","hentry","category-blog","tag-a","tag-anniversary","tag-austria","tag-bob","tag-cac","tag-cacib","tag-minion","tag-rakousko","no-post-thumbnail"],"_links":{"self":[{"href":"https:\/\/www.ambershades.cz\/en\/wp-json\/wp\/v2\/posts\/2119","targetHints":{"allow":["GET"]}}],"collection":[{"href":"https:\/\/www.ambershades.cz\/en\/wp-json\/wp\/v2\/posts"}],"about":[{"href":"https:\/\/www.ambershades.cz\/en\/wp-json\/wp\/v2\/types\/post"}],"author":[{"embeddable":true,"href":"https:\/\/www.ambershades.cz\/en\/wp-json\/wp\/v2\/users\/1"}],"replies":[{"embeddable":true,"href":"https:\/\/www.ambershades.cz\/en\/wp-json\/wp\/v2\/comments?post=2119"}],"version-history":[{"count":4,"href":"https:\/\/www.ambershades.cz\/en\/wp-json\/wp\/v2\/posts\/2119\/revisions"}],"predecessor-version":[{"id":2125,"href":"https:\/\/www.ambershades.cz\/en\/wp-json\/wp\/v2\/posts\/2119\/revisions\/2125"}],"wp:attachment":[{"href":"https:\/\/www.ambershades.cz\/en\/wp-json\/wp\/v2\/media?parent=2119"}],"wp:term":[{"taxonomy":"category","embeddable":true,"href":"https:\/\/www.ambershades.cz\/en\/wp-json\/wp\/v2\/categories?post=2119"},{"taxonomy":"post_tag","embeddable":true,"href":"https:\/\/www.ambershades.cz\/en\/wp-json\/wp\/v2\/tags?post=2119"}],"curies":[{"name":"wp","href":"https:\/\/api.w.org\/{rel}","templated":true}]}}