{"id":333,"date":"2013-06-08T14:24:17","date_gmt":"2013-06-08T14:24:17","guid":{"rendered":"http:\/\/www.ambershades.cz\/?p=333"},"modified":"2018-05-15T11:12:59","modified_gmt":"2018-05-15T11:12:59","slug":"druhy-seminar-s-andersem-rosellem","status":"publish","type":"post","link":"https:\/\/www.ambershades.cz\/en\/druhy-seminar-s-andersem-rosellem\/","title":{"rendered":"<!--:cs-->Druh\u00fd semin\u00e1\u0159 s Andersem Rosellem<!--:--><!--:en-->Next step seminar and workshop with Anders Rosell<!--:-->"},"content":{"rendered":"<p><!--:cs--><\/p>\n<p style=\"text-align: justify;\">Druh\u00fd semin\u00e1\u0159 s Andersem Rosellem , tentokr\u00e1t zam\u011b\u0159en\u00fd na kontinent\u00e1ln\u00ed st\u0159ih, se konal v p\u016flce \u010dervna kousek do Slapsk\u00e9 p\u0159ehrady.<\/p>\n<p style=\"text-align: justify;\">Prvn\u00ed den byla na programu op\u011bt teoretick\u00e1 \u010d\u00e1st &#8211; pov\u00edd\u00e1n\u00ed o vyv\u00e1\u017een\u00ed a pohybu a uk\u00e1zka kontinent\u00e1ln\u00edho st\u0159ihu.<\/p>\n<p style=\"text-align: justify;\">Druh\u00fd den jsme sami st\u0159\u00edhali, tentokr\u00e1t mi d\u011blal modela Charlie. V\u016fbec ho to nebavilo, ale pak mu to n\u00e1ramn\u011b seklo!<\/p>\n<p><figure id=\"attachment_188\" aria-describedby=\"caption-attachment-188\" style=\"width: 201px\" class=\"wp-caption aligncenter\"><img loading=\"lazy\" decoding=\"async\" class=\"size-medium wp-image-188\" alt=\"Photo: Anders Rosell, Avatar Poodles\" src=\"http:\/\/ambershades.cz\/wp-content\/uploads\/2013\/09\/1306-charlie-seminar1-201x300.jpg\" width=\"201\" height=\"300\" srcset=\"https:\/\/www.ambershades.cz\/wp-content\/uploads\/2013\/09\/1306-charlie-seminar1-201x300.jpg 201w, https:\/\/www.ambershades.cz\/wp-content\/uploads\/2013\/09\/1306-charlie-seminar1.jpg 477w\" sizes=\"auto, (max-width: 201px) 100vw, 201px\" \/><figcaption id=\"caption-attachment-188\" class=\"wp-caption-text\">Photo: Anders Rosell, Avatar Poodles<\/figcaption><\/figure><!--:--><!--:en--><\/p>\n<p style=\"text-align: justify;\">The Next step seminar and workshop with Anders Rosell, this time about continental clip, took place near Slapy dam in the half of June.<\/p>\n<p style=\"text-align: justify;\">First day the program was a theory of the continental clip and Anders showed us how to scissor correctly a poodle in conti.<\/p>\n<p style=\"text-align: justify;\">Second day the participant scissored their own dogs in the continental clip under Anders guidance. My model was our Charlie, who was really annoyed, but in the end looked fabulous!<\/p>\n<p><figure id=\"attachment_188\" aria-describedby=\"caption-attachment-188\" style=\"width: 201px\" class=\"wp-caption aligncenter\"><img loading=\"lazy\" decoding=\"async\" class=\"size-medium wp-image-188\" alt=\"Photo: Anders Rosell, Avatar Poodles\" src=\"http:\/\/ambershades.cz\/wp-content\/uploads\/2013\/09\/1306-charlie-seminar1-201x300.jpg\" width=\"201\" height=\"300\" srcset=\"https:\/\/www.ambershades.cz\/wp-content\/uploads\/2013\/09\/1306-charlie-seminar1-201x300.jpg 201w, https:\/\/www.ambershades.cz\/wp-content\/uploads\/2013\/09\/1306-charlie-seminar1.jpg 477w\" sizes=\"auto, (max-width: 201px) 100vw, 201px\" \/><figcaption id=\"caption-attachment-188\" class=\"wp-caption-text\">Photo: Anders Rosell, Avatar Poodles<\/figcaption><\/figure><!--:--><\/p>","protected":false},"excerpt":{"rendered":"<p>Druh\u00fd semin\u00e1\u0159 s Andersem Rosellem , tentokr\u00e1t zam\u011b\u0159en\u00fd na kontinent\u00e1ln\u00ed st\u0159ih, se konal v p\u016flce \u010dervna kousek do Slapsk\u00e9 p\u0159ehrady.&hellip;<\/p>","protected":false},"author":1,"featured_media":0,"comment_status":"closed","ping_status":"open","sticky":false,"template":"","format":"standard","meta":{"_monsterinsights_skip_tracking":false,"footnotes":""},"categories":[1],"tags":[],"class_list":["post-333","post","type-post","status-publish","format-standard","hentry","category-blog","no-post-thumbnail"],"_links":{"self":[{"href":"https:\/\/www.ambershades.cz\/en\/wp-json\/wp\/v2\/posts\/333","targetHints":{"allow":["GET"]}}],"collection":[{"href":"https:\/\/www.ambershades.cz\/en\/wp-json\/wp\/v2\/posts"}],"about":[{"href":"https:\/\/www.ambershades.cz\/en\/wp-json\/wp\/v2\/types\/post"}],"author":[{"embeddable":true,"href":"https:\/\/www.ambershades.cz\/en\/wp-json\/wp\/v2\/users\/1"}],"replies":[{"embeddable":true,"href":"https:\/\/www.ambershades.cz\/en\/wp-json\/wp\/v2\/comments?post=333"}],"version-history":[{"count":3,"href":"https:\/\/www.ambershades.cz\/en\/wp-json\/wp\/v2\/posts\/333\/revisions"}],"predecessor-version":[{"id":336,"href":"https:\/\/www.ambershades.cz\/en\/wp-json\/wp\/v2\/posts\/333\/revisions\/336"}],"wp:attachment":[{"href":"https:\/\/www.ambershades.cz\/en\/wp-json\/wp\/v2\/media?parent=333"}],"wp:term":[{"taxonomy":"category","embeddable":true,"href":"https:\/\/www.ambershades.cz\/en\/wp-json\/wp\/v2\/categories?post=333"},{"taxonomy":"post_tag","embeddable":true,"href":"https:\/\/www.ambershades.cz\/en\/wp-json\/wp\/v2\/tags?post=333"}],"curies":[{"name":"wp","href":"https:\/\/api.w.org\/{rel}","templated":true}]}}