{"id":3841,"date":"2023-06-13T07:48:31","date_gmt":"2023-06-13T07:48:31","guid":{"rendered":"https:\/\/www.ambershades.cz\/?p=3841"},"modified":"2023-06-13T07:48:36","modified_gmt":"2023-06-13T07:48:36","slug":"minion-oslavila-8-narozeniny","status":"publish","type":"post","link":"https:\/\/www.ambershades.cz\/en\/minion-oslavila-8-narozeniny\/","title":{"rendered":"[:cs]Minion oslavila 8. Narozeniny[:en]Minion&#8217;s celebrated 8th birthday [:]"},"content":{"rendered":"\n<p class=\"wp-block-paragraph\">[:cs]Jak ten \u010das let\u00ed ! Na\u0161e prvn\u00ed odchovan\u00e1 cena Minion oslavila sv\u00e9 8 narozeniny a vkro\u010dila mezi veter\u00e1ny. spolu s n\u00ed p\u0159ejeme v\u0161e nejlep\u0161\u00ed i v\u0161em ostatn\u00edm sourozenc\u016fm z vrhu A. Hlavn\u011b hodn\u011b zdrav\u00ed a je\u0161t\u011b spoustu spole\u010dn\u00fdch let.\ud83c\udf82\ud83c\udf40<\/p>\n\n\n\n<p class=\"wp-block-paragraph\">A nahoru pos\u00edl\u00e1me pusu na \u010dum\u00e1\u010dek na\u0161emu D\u00e1jovi a br\u00e1\u0161kovi Paminovi \u2764<\/p>\n\n\n\n<figure class=\"wp-block-gallery has-nested-images columns-default is-cropped wp-block-gallery-1 is-layout-flex wp-block-gallery-is-layout-flex\">\n<figure class=\"wp-block-image size-large\"><img loading=\"lazy\" decoding=\"async\" width=\"1024\" height=\"768\" data-id=\"3844\" src=\"https:\/\/www.ambershades.cz\/wp-content\/uploads\/2023\/06\/IMG_20230610_142656-1024x768.jpg\" alt=\"\" class=\"wp-image-3844\"\/><\/figure>\n\n\n\n<figure class=\"wp-block-image size-large\"><img loading=\"lazy\" decoding=\"async\" width=\"768\" height=\"1024\" data-id=\"3843\" src=\"https:\/\/www.ambershades.cz\/wp-content\/uploads\/2023\/06\/IMG_20230610_122141-768x1024.jpg\" alt=\"\" class=\"wp-image-3843\"\/><\/figure>\n\n\n\n<figure class=\"wp-block-image size-large\"><img loading=\"lazy\" decoding=\"async\" width=\"768\" height=\"1024\" data-id=\"3842\" src=\"https:\/\/www.ambershades.cz\/wp-content\/uploads\/2023\/06\/IMG_20230610_125457-768x1024.jpg\" alt=\"\" class=\"wp-image-3842\"\/><\/figure>\n<\/figure>\n\n\n\n<figure class=\"wp-block-gallery has-nested-images columns-default is-cropped wp-block-gallery-2 is-layout-flex wp-block-gallery-is-layout-flex\"><\/figure>\n\n\n\n<p class=\"wp-block-paragraph\">[:en]How the time flies! Our first home bred bitch Minion has celebrated its 8th birthday and joined the ranks of veterans. Along with it, we wish all the best to all the other siblings from the litterA, most importantly, good health and many more years together. \ud83c\udf82\ud83c\udf40<\/p>\n\n\n\n<p class=\"wp-block-paragraph\">And also we send a kiss to the top of nose to Diamond and her brother Pamino\u2764<\/p>\n\n\n\n<figure class=\"wp-block-gallery has-nested-images columns-default is-cropped wp-block-gallery-3 is-layout-flex wp-block-gallery-is-layout-flex\">\n<figure class=\"wp-block-image size-large\"><img loading=\"lazy\" decoding=\"async\" width=\"768\" height=\"1024\" data-id=\"3842\" src=\"https:\/\/www.ambershades.cz\/wp-content\/uploads\/2023\/06\/IMG_20230610_125457-768x1024.jpg\" alt=\"\" class=\"wp-image-3842\"\/><\/figure>\n\n\n\n<figure class=\"wp-block-image size-large\"><img loading=\"lazy\" decoding=\"async\" width=\"768\" height=\"1024\" data-id=\"3843\" src=\"https:\/\/www.ambershades.cz\/wp-content\/uploads\/2023\/06\/IMG_20230610_122141-768x1024.jpg\" alt=\"\" class=\"wp-image-3843\"\/><\/figure>\n\n\n\n<figure class=\"wp-block-image size-large\"><img loading=\"lazy\" decoding=\"async\" width=\"1024\" height=\"768\" data-id=\"3844\" src=\"https:\/\/www.ambershades.cz\/wp-content\/uploads\/2023\/06\/IMG_20230610_142656-1024x768.jpg\" alt=\"\" class=\"wp-image-3844\"\/><\/figure>\n<\/figure>\n\n\n\n<p class=\"wp-block-paragraph\">[:]<\/p>\n","protected":false},"excerpt":{"rendered":"<p>[:cs]Jak ten \u010das let\u00ed ! Na\u0161e prvn\u00ed odchovan\u00e1 cena Minion oslavila sv\u00e9 8 narozeniny a vkro\u010dila mezi veter\u00e1ny. spolu s&hellip;<\/p>\n","protected":false},"author":1,"featured_media":3842,"comment_status":"closed","ping_status":"open","sticky":false,"template":"","format":"standard","meta":{"_monsterinsights_skip_tracking":false,"footnotes":""},"categories":[1],"tags":[38,40,46],"class_list":["post-3841","post","type-post","status-publish","format-standard","has-post-thumbnail","hentry","category-blog","tag-a","tag-anniversary","tag-minion"],"_links":{"self":[{"href":"https:\/\/www.ambershades.cz\/en\/wp-json\/wp\/v2\/posts\/3841","targetHints":{"allow":["GET"]}}],"collection":[{"href":"https:\/\/www.ambershades.cz\/en\/wp-json\/wp\/v2\/posts"}],"about":[{"href":"https:\/\/www.ambershades.cz\/en\/wp-json\/wp\/v2\/types\/post"}],"author":[{"embeddable":true,"href":"https:\/\/www.ambershades.cz\/en\/wp-json\/wp\/v2\/users\/1"}],"replies":[{"embeddable":true,"href":"https:\/\/www.ambershades.cz\/en\/wp-json\/wp\/v2\/comments?post=3841"}],"version-history":[{"count":1,"href":"https:\/\/www.ambershades.cz\/en\/wp-json\/wp\/v2\/posts\/3841\/revisions"}],"predecessor-version":[{"id":3845,"href":"https:\/\/www.ambershades.cz\/en\/wp-json\/wp\/v2\/posts\/3841\/revisions\/3845"}],"wp:featuredmedia":[{"embeddable":true,"href":"https:\/\/www.ambershades.cz\/en\/wp-json\/wp\/v2\/media\/3842"}],"wp:attachment":[{"href":"https:\/\/www.ambershades.cz\/en\/wp-json\/wp\/v2\/media?parent=3841"}],"wp:term":[{"taxonomy":"category","embeddable":true,"href":"https:\/\/www.ambershades.cz\/en\/wp-json\/wp\/v2\/categories?post=3841"},{"taxonomy":"post_tag","embeddable":true,"href":"https:\/\/www.ambershades.cz\/en\/wp-json\/wp\/v2\/tags?post=3841"}],"curies":[{"name":"wp","href":"https:\/\/api.w.org\/{rel}","templated":true}]}}