{"id":3846,"date":"2023-06-19T16:57:53","date_gmt":"2023-06-19T16:57:53","guid":{"rendered":"https:\/\/www.ambershades.cz\/?p=3846"},"modified":"2023-06-22T17:57:34","modified_gmt":"2023-06-22T17:57:34","slug":"ruzenka-oslavila-4-narozeniny","status":"publish","type":"post","link":"https:\/\/www.ambershades.cz\/en\/ruzenka-oslavila-4-narozeniny\/","title":{"rendered":"[:cs]R\u016f\u017eenka oslavila 4. narozeniny[:en]R\u016f\u017eenka celebrated 4th birthday[:]"},"content":{"rendered":"\n<p class=\"wp-block-paragraph\">[:cs]A dal\u0161\u00ed velk\u00e1 oslava! R\u016f\u017eenka dneska oslavila 4 narozeniny\ud83c\udf82\ud83d\udc29\ud83c\udf39\ud83d\udc3e<\/p>\n\n\n\n<p class=\"wp-block-paragraph\">Vyb\u011bhan\u00e1, zmokl\u00e1, nej\u0161\u0165astn\u011bj\u0161\u00ed.<br>P\u0159ejeme t\u00fdhle bl\u00e1zniv\u00fd holce v\u0161echno nejlep\u0161\u00ed\ud83c\udf40.<\/p>\n\n\n\n<p class=\"wp-block-paragraph\">Z\u00e1rove\u0148 p\u0159ejeme v\u0161echno nejlep\u0161\u00ed v\u0161em sourozenc\u016fm z vrhu B, a Karkulce pos\u00edl\u00e1me pusu na \u010dum\u00e1k tam nahoru \u2764<\/p>\n\n\n\n<p class=\"wp-block-paragraph\">Zase na n\u011bjakou dobu bude klid od oslav, p\u00e1r posledn\u00edch v\u00edkend\u016f bylo celkem n\u00e1ro\u010dn\u00fdch \ud83d\ude48<\/p>\n\n\n\n<p class=\"wp-block-paragraph\">Bright Shade of Rose Ambershades (oslavenkyn\u011b\ud83c\udf39), Donatello La Compagnie d&#8217;les amies, Anniversary Pearl Ambershades (maminka)<\/p>\n\n\n\n<p class=\"wp-block-paragraph\"><\/p>\n\n\n\n<p class=\"wp-block-paragraph\">[:en]<\/p>\n\n\n\n<p class=\"wp-block-paragraph\">Another big celebration! R\u016f\u017eenka celebrated her 4th birthday today \ud83c\udf82\ud83d\udc29\ud83c\udf39\ud83d\udc3e<\/p>\n\n\n\n<p class=\"wp-block-paragraph\">Exhausted, soaked, and happiest. We wish this crazy girl all the best \ud83c\udf40.<\/p>\n\n\n\n<p class=\"wp-block-paragraph\">At the same time, we wish all the best to all the siblings from litter B, and we send a kiss on the snout to Karkulka up there \u2764<\/p>\n\n\n\n<p class=\"wp-block-paragraph\">There will be a break from celebrations for a while, the past few weekends have been quite demanding \ud83d\ude48<\/p>\n\n\n\n<p class=\"wp-block-paragraph\">Bright Shade of Rose Ambershades (birthday girl\ud83c\udf39), Donatello La Compagnie d&#8217;les amies, Anniversary Pearl Ambershades (mom)[:]<\/p>\n","protected":false},"excerpt":{"rendered":"<p>[:cs]A dal\u0161\u00ed velk\u00e1 oslava! R\u016f\u017eenka dneska oslavila 4 narozeniny\ud83c\udf82\ud83d\udc29\ud83c\udf39\ud83d\udc3e Vyb\u011bhan\u00e1, zmokl\u00e1, nej\u0161\u0165astn\u011bj\u0161\u00ed.P\u0159ejeme t\u00fdhle bl\u00e1zniv\u00fd holce v\u0161echno nejlep\u0161\u00ed\ud83c\udf40. Z\u00e1rove\u0148 p\u0159ejeme v\u0161echno&hellip;<\/p>\n","protected":false},"author":1,"featured_media":3844,"comment_status":"closed","ping_status":"open","sticky":false,"template":"","format":"standard","meta":{"_monsterinsights_skip_tracking":false,"footnotes":""},"categories":[1],"tags":[85,89,95],"class_list":["post-3846","post","type-post","status-publish","format-standard","has-post-thumbnail","hentry","category-blog","tag-b","tag-bright","tag-ruzenka"],"_links":{"self":[{"href":"https:\/\/www.ambershades.cz\/en\/wp-json\/wp\/v2\/posts\/3846","targetHints":{"allow":["GET"]}}],"collection":[{"href":"https:\/\/www.ambershades.cz\/en\/wp-json\/wp\/v2\/posts"}],"about":[{"href":"https:\/\/www.ambershades.cz\/en\/wp-json\/wp\/v2\/types\/post"}],"author":[{"embeddable":true,"href":"https:\/\/www.ambershades.cz\/en\/wp-json\/wp\/v2\/users\/1"}],"replies":[{"embeddable":true,"href":"https:\/\/www.ambershades.cz\/en\/wp-json\/wp\/v2\/comments?post=3846"}],"version-history":[{"count":4,"href":"https:\/\/www.ambershades.cz\/en\/wp-json\/wp\/v2\/posts\/3846\/revisions"}],"predecessor-version":[{"id":3859,"href":"https:\/\/www.ambershades.cz\/en\/wp-json\/wp\/v2\/posts\/3846\/revisions\/3859"}],"wp:featuredmedia":[{"embeddable":true,"href":"https:\/\/www.ambershades.cz\/en\/wp-json\/wp\/v2\/media\/3844"}],"wp:attachment":[{"href":"https:\/\/www.ambershades.cz\/en\/wp-json\/wp\/v2\/media?parent=3846"}],"wp:term":[{"taxonomy":"category","embeddable":true,"href":"https:\/\/www.ambershades.cz\/en\/wp-json\/wp\/v2\/categories?post=3846"},{"taxonomy":"post_tag","embeddable":true,"href":"https:\/\/www.ambershades.cz\/en\/wp-json\/wp\/v2\/tags?post=3846"}],"curies":[{"name":"wp","href":"https:\/\/api.w.org\/{rel}","templated":true}]}}