{"id":3862,"date":"2023-10-08T19:02:00","date_gmt":"2023-10-08T19:02:00","guid":{"rendered":"https:\/\/www.ambershades.cz\/?p=3862"},"modified":"2023-10-09T19:19:05","modified_gmt":"2023-10-09T19:19:05","slug":"vrh-c-je-tady","status":"publish","type":"post","link":"https:\/\/www.ambershades.cz\/en\/vrh-c-je-tady\/","title":{"rendered":"[:cs]Vrh C je tady![:en]C Litter Finally Here![:]"},"content":{"rendered":"\n<p class=\"wp-block-paragraph\">[:cs]<\/p>\n\n\n\n<p class=\"wp-block-paragraph\">V ned\u011bli 8.10.2023 se narodil n\u00e1\u0161 dlouho o\u010dek\u00e1van\u00fd vrh C. V\u00edce informac\u00ed se brzy objev\u00ed tady na webu, Facebooku, atd. Pros\u00edm o trp\u011blivost, moment\u00e1ln\u011b jsme extr\u00e9mn\u011b \u010dasov\u011b vyt\u00ed\u017eeni. V co nejkrat\u0161\u00ed dob\u011b se tak\u00e9 ozvu z\u00e1jemc\u016fm na seznamu, abychom dali dohromady, kolik \u0161t\u011b\u0148\u00e1tek bude voln\u00fdch k rezervaci pro nov\u00e9 z\u00e1jemce.<\/p>\n\n\n\n<figure class=\"wp-block-image size-large\"><img loading=\"lazy\" decoding=\"async\" width=\"1024\" height=\"472\" src=\"https:\/\/www.ambershades.cz\/wp-content\/uploads\/2023\/10\/IMG_20231009_200705-EDIT-1024x472.jpg\" alt=\"\" class=\"wp-image-3863\"\/><\/figure>\n\n\n\n<p class=\"wp-block-paragraph\">[:en]<\/p>\n\n\n\n<p class=\"wp-block-paragraph\">On Sunday, October 8, 2023, our long-awaited litter C was born. More information will soon be posted here on the website, Facebook, etc. Please be patient as we are currently extremely busy with our schedule. I will also get in touch with those interested on the list as soon as possible to determine how many puppies will be available for reservation for new enquires.<\/p>\n\n\n\n<figure class=\"wp-block-image size-large\"><img loading=\"lazy\" decoding=\"async\" width=\"1024\" height=\"472\" src=\"https:\/\/www.ambershades.cz\/wp-content\/uploads\/2023\/10\/IMG_20231009_200705-EDIT-1024x472.jpg\" alt=\"\" class=\"wp-image-3863\"\/><\/figure>\n\n\n\n<p class=\"wp-block-paragraph\"><\/p>\n\n\n\n<p class=\"wp-block-paragraph\">[:]<\/p>\n","protected":false},"excerpt":{"rendered":"<p>[:cs] V ned\u011bli 8.10.2023 se narodil n\u00e1\u0161 dlouho o\u010dek\u00e1van\u00fd vrh C. V\u00edce informac\u00ed se brzy objev\u00ed tady na webu, Facebooku,&hellip;<\/p>\n","protected":false},"author":1,"featured_media":3863,"comment_status":"closed","ping_status":"closed","sticky":true,"template":"","format":"standard","meta":{"_monsterinsights_skip_tracking":false,"footnotes":""},"categories":[1],"tags":[105,37],"class_list":["post-3862","post","type-post","status-publish","format-standard","has-post-thumbnail","hentry","category-blog","tag-c","tag-stenata"],"_links":{"self":[{"href":"https:\/\/www.ambershades.cz\/en\/wp-json\/wp\/v2\/posts\/3862","targetHints":{"allow":["GET"]}}],"collection":[{"href":"https:\/\/www.ambershades.cz\/en\/wp-json\/wp\/v2\/posts"}],"about":[{"href":"https:\/\/www.ambershades.cz\/en\/wp-json\/wp\/v2\/types\/post"}],"author":[{"embeddable":true,"href":"https:\/\/www.ambershades.cz\/en\/wp-json\/wp\/v2\/users\/1"}],"replies":[{"embeddable":true,"href":"https:\/\/www.ambershades.cz\/en\/wp-json\/wp\/v2\/comments?post=3862"}],"version-history":[{"count":2,"href":"https:\/\/www.ambershades.cz\/en\/wp-json\/wp\/v2\/posts\/3862\/revisions"}],"predecessor-version":[{"id":3866,"href":"https:\/\/www.ambershades.cz\/en\/wp-json\/wp\/v2\/posts\/3862\/revisions\/3866"}],"wp:featuredmedia":[{"embeddable":true,"href":"https:\/\/www.ambershades.cz\/en\/wp-json\/wp\/v2\/media\/3863"}],"wp:attachment":[{"href":"https:\/\/www.ambershades.cz\/en\/wp-json\/wp\/v2\/media?parent=3862"}],"wp:term":[{"taxonomy":"category","embeddable":true,"href":"https:\/\/www.ambershades.cz\/en\/wp-json\/wp\/v2\/categories?post=3862"},{"taxonomy":"post_tag","embeddable":true,"href":"https:\/\/www.ambershades.cz\/en\/wp-json\/wp\/v2\/tags?post=3862"}],"curies":[{"name":"wp","href":"https:\/\/api.w.org\/{rel}","templated":true}]}}