{"id":475,"date":"2014-07-21T06:19:11","date_gmt":"2014-07-21T06:19:11","guid":{"rendered":"http:\/\/www.ambershades.cz\/?p=475"},"modified":"2018-05-15T11:12:45","modified_gmt":"2018-05-15T11:12:45","slug":"pekny-cervenec-2014","status":"publish","type":"post","link":"https:\/\/www.ambershades.cz\/en\/pekny-cervenec-2014\/","title":{"rendered":"<!--:cs-->P\u011bkn\u00fd \u010derven 2014<!--:--><!--:en-->Nice June 2014<!--:-->"},"content":{"rendered":"<p><!--:cs-->Cel\u00fd leto\u0161n\u00ed rok je pro n\u00e1s pom\u011brn\u011b hektick\u00fd, ale \u010derven byl kone\u010dn\u011b ve znamen\u00ed ps\u016f.<\/p>\n<h2>Klubovka Konopi\u0161t\u011b 9. \u010dervna<\/h2>\n<p>Na za\u010d\u00e1tku \u010dervna jsem Charlieho po roce p\u0159ihl\u00e1sila na v\u00fdstavu, o \u010dem\u017e jsem psala v <a href=\"http:\/\/www.ambershades.cz\/en\/jaro-2014\/\">jarn\u00edm p\u0159\u00edsp\u011bvku<\/a>. Od stejn\u00e9ho dne Charlie u\u017e\u00edv\u00e1 sv\u00e9ho nov\u00e9ho kab\u00e1tu v &#8222;terrier clipu&#8220; a je nesm\u00edrn\u011b spokojen\u00fd dom\u00e1c\u00ed ba\u0165oh \ud83d\ude42<\/p>\n<div class='fotorama--wp' data-ids='472,471'data-link='file'data-itemtag='dl'data-icontag='dt'data-captiontag='dd'data-columns='0'data-size='large'data-width='525'data-auto='false'data-max-width='100%'data-ratio='1.5'><div id='gallery-1' class='gallery galleryid-475 gallery-columns-0 gallery-size-thumbnail'><dl class='gallery-item'>\n\t\t\t<dt class='gallery-icon landscape'>\n\t\t\t\t<a href='https:\/\/www.ambershades.cz\/wp-content\/uploads\/2014\/06\/Medardova_127-1024x682.jpg' data-full='https:\/\/www.ambershades.cz\/wp-content\/uploads\/2014\/06\/Medardova_127.jpg'><img loading=\"lazy\" decoding=\"async\" width=\"150\" height=\"150\" src=\"https:\/\/www.ambershades.cz\/wp-content\/uploads\/2014\/06\/Medardova_127-150x150.jpg\" class=\"attachment-thumbnail size-thumbnail\" alt=\"\" aria-describedby=\"gallery-1-472\" \/><\/a>\n\t\t\t<\/dt>\n\t\t\t\t<dd class='wp-caption-text gallery-caption' id='gallery-1-472'>\n\t\t\t\tFoto: Stanislav Kol\u00e1\u0159\n\t\t\t\t<\/dd><\/dl><dl class='gallery-item'>\n\t\t\t<dt class='gallery-icon landscape'>\n\t\t\t\t<a href='https:\/\/www.ambershades.cz\/wp-content\/uploads\/2014\/06\/DSC02192-1024x685.jpg' data-full='https:\/\/www.ambershades.cz\/wp-content\/uploads\/2014\/06\/DSC02192.jpg'><img loading=\"lazy\" decoding=\"async\" width=\"150\" height=\"150\" src=\"https:\/\/www.ambershades.cz\/wp-content\/uploads\/2014\/06\/DSC02192-150x150.jpg\" class=\"attachment-thumbnail size-thumbnail\" alt=\"\" \/><\/a>\n\t\t\t<\/dt><\/dl>\n\t\t<\/div>\n<\/div>\n<h2>Setk\u00e1n\u00ed s Outi v Praze 21. \u010dervna<\/h2>\n<p>V pond\u011bl\u00ed 21. \u010dervna jsem str\u00e1vila velice p\u0159\u00edjemn\u00e9 odpoledn\u011b pit\u00edm k\u00e1vy a pov\u00edd\u00e1n\u00edm s Outi Tenho a jej\u00ed dcerou Rebeccou z chovatelsk\u00e9 stanice <a href=\"http:\/\/kenneloldhouse.weebly.com\/\">Old House<\/a> ve Finsku. Moc jsem si to u\u017eila a douf\u00e1m, \u017ee podobn\u00e9 setk\u00e1n\u00ed zase zopakujeme :).<\/p>\n<p><img loading=\"lazy\" decoding=\"async\" class=\"aligncenter size-medium wp-image-476\" alt=\"Outi-and-me\" src=\"http:\/\/www.ambershades.cz\/wp-content\/uploads\/2014\/07\/2014-06-23-17.21.22-224x300.jpg\" width=\"224\" height=\"300\" srcset=\"https:\/\/www.ambershades.cz\/wp-content\/uploads\/2014\/07\/2014-06-23-17.21.22-224x300.jpg 224w, https:\/\/www.ambershades.cz\/wp-content\/uploads\/2014\/07\/2014-06-23-17.21.22-765x1024.jpg 765w, https:\/\/www.ambershades.cz\/wp-content\/uploads\/2014\/07\/2014-06-23-17.21.22.jpg 1536w\" sizes=\"auto, (max-width: 224px) 100vw, 224px\" \/><\/p>\n<h2>Konec agility kurzu 25. \u010dervna<\/h2>\n<p>Posledn\u00ed \u010dervnovou st\u0159edu se konala tak\u00e9 posledn\u00ed hodina na\u0161eho za\u010d\u00e1te\u010dnick\u00e9ho agility kurzu. Po\u010das\u00ed vy\u0161lo na jedni\u010dku, tentokr\u00e1t si krom\u011b pejsk\u016f zasout\u011b\u017eili i p\u00e1n\u00edci. Z\u00e1v\u011brem jsme si dali hobby z\u00e1vod. Ma\u0159enka tentokr\u00e1t vlo\u017eila do b\u011bhu a\u017e p\u0159\u00edli\u0161 moc energie a bohu\u017eel nasb\u00edrala moc trestn\u00fdch bod\u016f. Charlie \u0161el &#8211; jako v\u017edy &#8211; na pohodu a na jistotu a z\u00e1vod vyhr\u00e1l. Vyb\u011bhal n\u00e1m dal\u0161\u00edch p\u011bt lekc\u00ed a p\u011bkn\u00e9 upom\u00ednkov\u00e9 ceny, u\u017e se v\u0161ichni t\u011b\u0161\u00edme, na dal\u0161\u00ed spole\u010dn\u00e9 blbnut\u00ed :). Videa m\u00e1me a\u017e z konce tr\u00e9ninku, kdy byli oba blon\u010f\u00e1ci u\u017e trochu nekoncentrovan\u00ed. \u0160koda, \u017ee jsme nenato\u010dili jejich prvn\u00ed b\u011bhy, ty byli (za m\u011b) perfektn\u00ed.<\/p>\n<h3>Ma\u0159enka na dr\u00e1ze<\/h3>\n<p><iframe loading=\"lazy\" src=\"\/\/www.youtube.com\/embed\/mJ4MUWghX_k\" height=\"315\" width=\"560\" allowfullscreen=\"\" frameborder=\"0\"><\/iframe><\/p>\n<h3>Charlie na dr\u00e1ze<\/h3>\n<p><iframe loading=\"lazy\" src=\"\/\/www.youtube.com\/embed\/tYJei4SCMv0\" height=\"315\" width=\"560\" allowfullscreen=\"\" frameborder=\"0\"><\/iframe><\/p>\n<h2>N\u00e1rodn\u00ed v\u00fdstava v Klatovech 29. \u010dervna<\/h2>\n<p>Ma\u0159enku jsem po p\u016fl roce p\u0159ihl\u00e1sila na v\u00fdstavu do Klatov. \u00dasp\u011b\u0161n\u011b se n\u00e1m poda\u0159ilo zamaskovat chyb\u011bj\u00edc\u00ed &#8222;sn\u011bden\u00e9&#8220; chlupy. Maja dala do p\u0159edveden\u00ed v\u0161echno, \u0161lapala perfektn\u011b. Vyhr\u00e1la t\u0159\u00eddu a v konkurenci vyb\u011bhala BOB!<\/p>\n<p><div class='fotorama--wp' data-ids='480,479'data-link='file'data-itemtag='dl'data-icontag='dt'data-captiontag='dd'data-columns='0'data-size='large'data-width='525'data-auto='false'data-max-width='100%'data-ratio='1.3324873096447'><div id='gallery-3' class='gallery galleryid-475 gallery-columns-0 gallery-size-thumbnail'><dl class='gallery-item'>\n\t\t\t<dt class='gallery-icon landscape'>\n\t\t\t\t<a href='https:\/\/www.ambershades.cz\/wp-content\/uploads\/2014\/07\/20140629_112128-1024x768.jpg' data-full='https:\/\/www.ambershades.cz\/wp-content\/uploads\/2014\/07\/20140629_112128.jpg'><img loading=\"lazy\" decoding=\"async\" width=\"150\" height=\"150\" src=\"https:\/\/www.ambershades.cz\/wp-content\/uploads\/2014\/07\/20140629_112128-150x150.jpg\" class=\"attachment-thumbnail size-thumbnail\" alt=\"\" \/><\/a>\n\t\t\t<\/dt><\/dl><dl class='gallery-item'>\n\t\t\t<dt class='gallery-icon landscape'>\n\t\t\t\t<a href='https:\/\/www.ambershades.cz\/wp-content\/uploads\/2014\/07\/20140629_112137-1024x768.jpg' data-full='https:\/\/www.ambershades.cz\/wp-content\/uploads\/2014\/07\/20140629_112137.jpg'><img loading=\"lazy\" decoding=\"async\" width=\"150\" height=\"150\" src=\"https:\/\/www.ambershades.cz\/wp-content\/uploads\/2014\/07\/20140629_112137-150x150.jpg\" class=\"attachment-thumbnail size-thumbnail\" alt=\"\" \/><\/a>\n\t\t\t<\/dt><\/dl>\n\t\t<\/div>\n<\/div><!--:--><!--:en-->This year is extremely busy for us. Finally, this June we had more time to spend with our dogs.<\/p>\n<h2>Club specialty Konopi\u0161t\u011b June 9th<\/h2>\n<p>After one year show break I entered Charlie to small club show near the place we live. I reported it in the <a href=\"http:\/\/www.ambershades.cz\/en\/jaro-2014\/\">spring post<\/a>. Since the same day Charlie enjoys his terrier clip and lazy country life.<\/p>\n<div class='fotorama--wp' data-ids='472,471'data-link='file'data-itemtag='dl'data-icontag='dt'data-captiontag='dd'data-columns='0'data-size='large'data-width='525'data-auto='false'data-max-width='100%'data-ratio='1.5'><div id='gallery-5' class='gallery galleryid-475 gallery-columns-0 gallery-size-thumbnail'><dl class='gallery-item'>\n\t\t\t<dt class='gallery-icon landscape'>\n\t\t\t\t<a href='https:\/\/www.ambershades.cz\/wp-content\/uploads\/2014\/06\/Medardova_127-1024x682.jpg' data-full='https:\/\/www.ambershades.cz\/wp-content\/uploads\/2014\/06\/Medardova_127.jpg'><img loading=\"lazy\" decoding=\"async\" width=\"150\" height=\"150\" src=\"https:\/\/www.ambershades.cz\/wp-content\/uploads\/2014\/06\/Medardova_127-150x150.jpg\" class=\"attachment-thumbnail size-thumbnail\" alt=\"\" aria-describedby=\"gallery-5-472\" \/><\/a>\n\t\t\t<\/dt>\n\t\t\t\t<dd class='wp-caption-text gallery-caption' id='gallery-5-472'>\n\t\t\t\tFoto: Stanislav Kol\u00e1\u0159\n\t\t\t\t<\/dd><\/dl><dl class='gallery-item'>\n\t\t\t<dt class='gallery-icon landscape'>\n\t\t\t\t<a href='https:\/\/www.ambershades.cz\/wp-content\/uploads\/2014\/06\/DSC02192-1024x685.jpg' data-full='https:\/\/www.ambershades.cz\/wp-content\/uploads\/2014\/06\/DSC02192.jpg'><img loading=\"lazy\" decoding=\"async\" width=\"150\" height=\"150\" src=\"https:\/\/www.ambershades.cz\/wp-content\/uploads\/2014\/06\/DSC02192-150x150.jpg\" class=\"attachment-thumbnail size-thumbnail\" alt=\"\" \/><\/a>\n\t\t\t<\/dt><\/dl>\n\t\t<\/div>\n<\/div>\n<h2>Outi Tenho visit in Prague June 21st<\/h2>\n<p>I had great opportunity to spend a Monday afternoon talking and sipping coffee with Outi Tenho and her daughter Rebecca from <a href=\"http:\/\/kenneloldhouse.weebly.com\/\">Old House kennel<\/a> in Finland. Thank you both for the nice talk and hope to repeat it someday!<\/p>\n<p><img loading=\"lazy\" decoding=\"async\" class=\"aligncenter size-medium wp-image-476\" alt=\"Outi-and-me\" src=\"http:\/\/www.ambershades.cz\/wp-content\/uploads\/2014\/07\/2014-06-23-17.21.22-224x300.jpg\" width=\"224\" height=\"300\" srcset=\"https:\/\/www.ambershades.cz\/wp-content\/uploads\/2014\/07\/2014-06-23-17.21.22-224x300.jpg 224w, https:\/\/www.ambershades.cz\/wp-content\/uploads\/2014\/07\/2014-06-23-17.21.22-765x1024.jpg 765w, https:\/\/www.ambershades.cz\/wp-content\/uploads\/2014\/07\/2014-06-23-17.21.22.jpg 1536w\" sizes=\"auto, (max-width: 224px) 100vw, 224px\" \/><\/p>\n<h2>The last lesson of the agility course for begginers June 25th<\/h2>\n<p>The last Wednesday of June we spent on the last lesson of the agility course. The weather was perfect. This time there were prepared some jumps also for the owners. In the end of the lesson we has a hobby run. This time Maja was very quick and not concentered so we got a lot of \u00a0penalty points. Charlie ran &#8211; as usually &#8211; fine a certain and won the first place! He won other five free agility lessons for us and other nice gifts. We have a couple of videos from the end of the training, so the dogs are tired and unfocused a little. I&#8217;m sorry for not having rolled the first runs which were perfect to me.<\/p>\n<p>\u00a0<\/p>\n<h3>Maja<\/h3>\n<p><iframe loading=\"lazy\" src=\"\/\/www.youtube.com\/embed\/mJ4MUWghX_k\" height=\"315\" width=\"560\" allowfullscreen=\"\" frameborder=\"0\"><\/iframe><\/p>\n<h3>Charlie<\/h3>\n<p><iframe loading=\"lazy\" src=\"\/\/www.youtube.com\/embed\/tYJei4SCMv0\" height=\"315\" width=\"560\" allowfullscreen=\"\" frameborder=\"0\"><\/iframe><\/p>\n<h2>National dogshow Klatovy June 29th<\/h2>\n<p>The last June Sunday I entered Maja to national dogshow in Klatovy (CZ). She was shown after a half year show break and with a lack of hair (eaten by Charlie a month and a half before). Despite of that &#8211; she realy had her day, she ran with energie and joy. In competition Maja won BOB!<\/p>\n<p><div class='fotorama--wp' data-ids='479,480'data-link='file'data-itemtag='dl'data-icontag='dt'data-captiontag='dd'data-columns='0'data-size='large'data-width='525'data-auto='false'data-max-width='100%'data-ratio='1.3324873096447'><div id='gallery-7' class='gallery galleryid-475 gallery-columns-0 gallery-size-thumbnail'><dl class='gallery-item'>\n\t\t\t<dt class='gallery-icon landscape'>\n\t\t\t\t<a href='https:\/\/www.ambershades.cz\/wp-content\/uploads\/2014\/07\/20140629_112137-1024x768.jpg' data-full='https:\/\/www.ambershades.cz\/wp-content\/uploads\/2014\/07\/20140629_112137.jpg'><img loading=\"lazy\" decoding=\"async\" width=\"150\" height=\"150\" src=\"https:\/\/www.ambershades.cz\/wp-content\/uploads\/2014\/07\/20140629_112137-150x150.jpg\" class=\"attachment-thumbnail size-thumbnail\" alt=\"\" \/><\/a>\n\t\t\t<\/dt><\/dl><dl class='gallery-item'>\n\t\t\t<dt class='gallery-icon landscape'>\n\t\t\t\t<a href='https:\/\/www.ambershades.cz\/wp-content\/uploads\/2014\/07\/20140629_112128-1024x768.jpg' data-full='https:\/\/www.ambershades.cz\/wp-content\/uploads\/2014\/07\/20140629_112128.jpg'><img loading=\"lazy\" decoding=\"async\" width=\"150\" height=\"150\" src=\"https:\/\/www.ambershades.cz\/wp-content\/uploads\/2014\/07\/20140629_112128-150x150.jpg\" class=\"attachment-thumbnail size-thumbnail\" alt=\"\" \/><\/a>\n\t\t\t<\/dt><\/dl>\n\t\t<\/div>\n<\/div><!--:--><\/p>","protected":false},"excerpt":{"rendered":"<p>Cel\u00fd leto\u0161n\u00ed rok je pro n\u00e1s pom\u011brn\u011b hektick\u00fd, ale \u010derven byl kone\u010dn\u011b ve znamen\u00ed ps\u016f. Klubovka Konopi\u0161t\u011b 9. \u010dervna Na&hellip;<\/p>","protected":false},"author":1,"featured_media":0,"comment_status":"closed","ping_status":"open","sticky":false,"template":"","format":"standard","meta":{"_monsterinsights_skip_tracking":false,"footnotes":""},"categories":[1],"tags":[23,25,8,3,27,26,16],"class_list":["post-475","post","type-post","status-publish","format-standard","hentry","category-blog","tag-agility","tag-bob","tag-cac","tag-charlie","tag-clubshow","tag-klub","tag-maja","no-post-thumbnail"],"_links":{"self":[{"href":"https:\/\/www.ambershades.cz\/en\/wp-json\/wp\/v2\/posts\/475","targetHints":{"allow":["GET"]}}],"collection":[{"href":"https:\/\/www.ambershades.cz\/en\/wp-json\/wp\/v2\/posts"}],"about":[{"href":"https:\/\/www.ambershades.cz\/en\/wp-json\/wp\/v2\/types\/post"}],"author":[{"embeddable":true,"href":"https:\/\/www.ambershades.cz\/en\/wp-json\/wp\/v2\/users\/1"}],"replies":[{"embeddable":true,"href":"https:\/\/www.ambershades.cz\/en\/wp-json\/wp\/v2\/comments?post=475"}],"version-history":[{"count":8,"href":"https:\/\/www.ambershades.cz\/en\/wp-json\/wp\/v2\/posts\/475\/revisions"}],"predecessor-version":[{"id":485,"href":"https:\/\/www.ambershades.cz\/en\/wp-json\/wp\/v2\/posts\/475\/revisions\/485"}],"wp:attachment":[{"href":"https:\/\/www.ambershades.cz\/en\/wp-json\/wp\/v2\/media?parent=475"}],"wp:term":[{"taxonomy":"category","embeddable":true,"href":"https:\/\/www.ambershades.cz\/en\/wp-json\/wp\/v2\/categories?post=475"},{"taxonomy":"post_tag","embeddable":true,"href":"https:\/\/www.ambershades.cz\/en\/wp-json\/wp\/v2\/tags?post=475"}],"curies":[{"name":"wp","href":"https:\/\/api.w.org\/{rel}","templated":true}]}}