{"id":49,"date":"2010-10-10T08:58:54","date_gmt":"2010-10-10T08:58:54","guid":{"rendered":"http:\/\/ambershades.cz\/?p=49"},"modified":"2018-05-15T11:15:28","modified_gmt":"2018-05-15T11:15:28","slug":"mezinarodni-vystava-psu-ceske-budejovice","status":"publish","type":"post","link":"https:\/\/www.ambershades.cz\/en\/mezinarodni-vystava-psu-ceske-budejovice\/","title":{"rendered":"<!--:cs-->Mezin\u00e1rodn\u00ed v\u00fdstava ps\u016f \u010cesk\u00e9 Bud\u011bjovice<!--:--><!--:en-->International Dog Show \u010cesk\u00e9 Bud\u011bjovice (CZ)<!--:-->"},"content":{"rendered":"<p><!--:cs-->Rozhod\u010d\u00ed: Lorena Merati (I)<\/p>\n<p>Charlie ve t\u0159\u00edd\u011b mlad\u00fdch V1 CAJC<\/p>\n<p>&nbsp;<\/p>\n<div class='fotorama--wp' data-ids='50,51,52'data-link='file'data-itemtag='dl'data-icontag='dt'data-captiontag='dd'data-columns='0'data-size='large'data-width='525'data-auto='false'data-max-width='100%'data-ratio='1.4112903225806'><div id='gallery-1' class='gallery galleryid-49 gallery-columns-0 gallery-size-thumbnail'><dl class='gallery-item'>\n\t\t\t<dt class='gallery-icon landscape'>\n\t\t\t\t<a href='https:\/\/www.ambershades.cz\/wp-content\/uploads\/2013\/09\/daniela_02_800_elfka.jpg' data-full='https:\/\/www.ambershades.cz\/wp-content\/uploads\/2013\/09\/daniela_02_800_elfka.jpg'><img loading=\"lazy\" decoding=\"async\" width=\"150\" height=\"150\" src=\"https:\/\/www.ambershades.cz\/wp-content\/uploads\/2013\/09\/daniela_02_800_elfka-150x150.jpg\" class=\"attachment-thumbnail size-thumbnail\" alt=\"\" \/><\/a>\n\t\t\t<\/dt><\/dl><dl class='gallery-item'>\n\t\t\t<dt class='gallery-icon landscape'>\n\t\t\t\t<a href='https:\/\/www.ambershades.cz\/wp-content\/uploads\/2013\/09\/daniela_03_800_elfka.jpg' data-full='https:\/\/www.ambershades.cz\/wp-content\/uploads\/2013\/09\/daniela_03_800_elfka.jpg'><img loading=\"lazy\" decoding=\"async\" width=\"150\" height=\"150\" src=\"https:\/\/www.ambershades.cz\/wp-content\/uploads\/2013\/09\/daniela_03_800_elfka-150x150.jpg\" class=\"attachment-thumbnail size-thumbnail\" alt=\"\" \/><\/a>\n\t\t\t<\/dt><\/dl><dl class='gallery-item'>\n\t\t\t<dt class='gallery-icon landscape'>\n\t\t\t\t<a href='https:\/\/www.ambershades.cz\/wp-content\/uploads\/2013\/09\/doma_po_vystave.jpg' data-full='https:\/\/www.ambershades.cz\/wp-content\/uploads\/2013\/09\/doma_po_vystave.jpg'><img loading=\"lazy\" decoding=\"async\" width=\"150\" height=\"150\" src=\"https:\/\/www.ambershades.cz\/wp-content\/uploads\/2013\/09\/doma_po_vystave-150x150.jpg\" class=\"attachment-thumbnail size-thumbnail\" alt=\"\" \/><\/a>\n\t\t\t<\/dt><\/dl>\n\t\t<\/div>\n<\/div>\n<p>Moc d\u011bkuji kamar\u00e1dce P\u00e9t\u011b za pomoc p\u0159i vyla\u010fov\u00e1n\u00ed nedostatk\u016f a za p\u016fj\u010den\u00ed vod\u00edtka.<br \/>\n<iframe loading=\"lazy\" src=\"\/\/www.youtube.com\/embed\/ED9vl9x3q2s\" height=\"315\" width=\"420\" allowfullscreen=\"\" frameborder=\"0\"><\/iframe><!--:--><!--:en-->Judge: Lorena Merati (I)<\/p>\n<p>Charlie in junior class Ex. 1 CAJC<\/p>\n<div class='fotorama--wp' data-ids='52,51,50'data-link='file'data-itemtag='dl'data-icontag='dt'data-captiontag='dd'data-columns='0'data-size='large'data-width='525'data-auto='false'data-max-width='100%'data-ratio='1.3324873096447'><div id='gallery-3' class='gallery galleryid-49 gallery-columns-0 gallery-size-thumbnail'><dl class='gallery-item'>\n\t\t\t<dt class='gallery-icon landscape'>\n\t\t\t\t<a href='https:\/\/www.ambershades.cz\/wp-content\/uploads\/2013\/09\/doma_po_vystave.jpg' data-full='https:\/\/www.ambershades.cz\/wp-content\/uploads\/2013\/09\/doma_po_vystave.jpg'><img loading=\"lazy\" decoding=\"async\" width=\"150\" height=\"150\" src=\"https:\/\/www.ambershades.cz\/wp-content\/uploads\/2013\/09\/doma_po_vystave-150x150.jpg\" class=\"attachment-thumbnail size-thumbnail\" alt=\"\" \/><\/a>\n\t\t\t<\/dt><\/dl><dl class='gallery-item'>\n\t\t\t<dt class='gallery-icon landscape'>\n\t\t\t\t<a href='https:\/\/www.ambershades.cz\/wp-content\/uploads\/2013\/09\/daniela_03_800_elfka.jpg' data-full='https:\/\/www.ambershades.cz\/wp-content\/uploads\/2013\/09\/daniela_03_800_elfka.jpg'><img loading=\"lazy\" decoding=\"async\" width=\"150\" height=\"150\" src=\"https:\/\/www.ambershades.cz\/wp-content\/uploads\/2013\/09\/daniela_03_800_elfka-150x150.jpg\" class=\"attachment-thumbnail size-thumbnail\" alt=\"\" \/><\/a>\n\t\t\t<\/dt><\/dl><dl class='gallery-item'>\n\t\t\t<dt class='gallery-icon landscape'>\n\t\t\t\t<a href='https:\/\/www.ambershades.cz\/wp-content\/uploads\/2013\/09\/daniela_02_800_elfka.jpg' data-full='https:\/\/www.ambershades.cz\/wp-content\/uploads\/2013\/09\/daniela_02_800_elfka.jpg'><img loading=\"lazy\" decoding=\"async\" width=\"150\" height=\"150\" src=\"https:\/\/www.ambershades.cz\/wp-content\/uploads\/2013\/09\/daniela_02_800_elfka-150x150.jpg\" class=\"attachment-thumbnail size-thumbnail\" alt=\"\" \/><\/a>\n\t\t\t<\/dt><\/dl>\n\t\t<\/div>\n<\/div>\n<p><iframe loading=\"lazy\" src=\"\/\/www.youtube.com\/embed\/ED9vl9x3q2s\" height=\"315\" width=\"420\" allowfullscreen=\"\" frameborder=\"0\"><\/iframe><!--:--><\/p>","protected":false},"excerpt":{"rendered":"<p>Rozhod\u010d\u00ed: Lorena Merati (I) Charlie ve t\u0159\u00edd\u011b mlad\u00fdch V1 CAJC &nbsp; Moc d\u011bkuji kamar\u00e1dce P\u00e9t\u011b za pomoc p\u0159i vyla\u010fov\u00e1n\u00ed nedostatk\u016f&hellip;<\/p>","protected":false},"author":1,"featured_media":0,"comment_status":"closed","ping_status":"open","sticky":false,"template":"","format":"standard","meta":{"_monsterinsights_skip_tracking":false,"footnotes":""},"categories":[1],"tags":[7,3,5,4],"class_list":["post-49","post","type-post","status-publish","format-standard","hentry","category-blog","tag-cacib","tag-charlie","tag-show","tag-vystava","no-post-thumbnail"],"_links":{"self":[{"href":"https:\/\/www.ambershades.cz\/en\/wp-json\/wp\/v2\/posts\/49","targetHints":{"allow":["GET"]}}],"collection":[{"href":"https:\/\/www.ambershades.cz\/en\/wp-json\/wp\/v2\/posts"}],"about":[{"href":"https:\/\/www.ambershades.cz\/en\/wp-json\/wp\/v2\/types\/post"}],"author":[{"embeddable":true,"href":"https:\/\/www.ambershades.cz\/en\/wp-json\/wp\/v2\/users\/1"}],"replies":[{"embeddable":true,"href":"https:\/\/www.ambershades.cz\/en\/wp-json\/wp\/v2\/comments?post=49"}],"version-history":[{"count":1,"href":"https:\/\/www.ambershades.cz\/en\/wp-json\/wp\/v2\/posts\/49\/revisions"}],"predecessor-version":[{"id":53,"href":"https:\/\/www.ambershades.cz\/en\/wp-json\/wp\/v2\/posts\/49\/revisions\/53"}],"wp:attachment":[{"href":"https:\/\/www.ambershades.cz\/en\/wp-json\/wp\/v2\/media?parent=49"}],"wp:term":[{"taxonomy":"category","embeddable":true,"href":"https:\/\/www.ambershades.cz\/en\/wp-json\/wp\/v2\/categories?post=49"},{"taxonomy":"post_tag","embeddable":true,"href":"https:\/\/www.ambershades.cz\/en\/wp-json\/wp\/v2\/tags?post=49"}],"curies":[{"name":"wp","href":"https:\/\/api.w.org\/{rel}","templated":true}]}}