{"id":556,"date":"2014-09-21T11:12:16","date_gmt":"2014-09-21T11:12:16","guid":{"rendered":"http:\/\/www.ambershades.cz\/?p=556"},"modified":"2018-05-15T11:10:52","modified_gmt":"2018-05-15T11:10:52","slug":"mvp-ceske-budejovice-podzim-2014","status":"publish","type":"post","link":"https:\/\/www.ambershades.cz\/en\/mvp-ceske-budejovice-podzim-2014\/","title":{"rendered":"<!--:cs-->MVP \u010cesk\u00e9 Bud\u011bjovice podzim 2014<!--:--><!--:en-->IDS \u010cesk\u00e9 Bud\u011bjovice Autumn 2014<!--:-->"},"content":{"rendered":"<p><!--:cs--><img loading=\"lazy\" decoding=\"async\" class=\"aligncenter size-medium wp-image-577\" alt=\"maja-cb\" src=\"http:\/\/www.ambershades.cz\/wp-content\/uploads\/2014\/09\/maja-cb-300x225.jpg\" width=\"300\" height=\"225\" srcset=\"https:\/\/www.ambershades.cz\/wp-content\/uploads\/2014\/09\/maja-cb-300x225.jpg 300w, https:\/\/www.ambershades.cz\/wp-content\/uploads\/2014\/09\/maja-cb-400x300.jpg 400w, https:\/\/www.ambershades.cz\/wp-content\/uploads\/2014\/09\/maja-cb.jpg 720w\" sizes=\"auto, (max-width: 300px) 100vw, 300px\" \/>Jako leto\u0161n\u00ed posledn\u00ed v\u00fdstavu (a nejsp\u00ed\u0161 i na del\u0161\u00ed dobu posledn\u00ed v\u00fdstavu) jsem <a title=\"Maja\" href=\"http:\/\/www.ambershades.cz\/en\/feny\/maja\/\">Maju <\/a>p\u0159ihl\u00e1sila do \u010cesk\u00fdch Bud\u011bjovic na mezin\u00e1rodku. Posuzovala pan\u00ed rozhod\u010d\u00ed z Chorvatska Sanda Kekez-Veseli\u010d. Maja v otev\u0159en\u00e9 t\u0159\u00edd\u011b z\u00edskala ocen\u011bn\u00ed V\u00fdborn\u00e1 1, CAC, \u010d\u00edm\u017e splnila podm\u00ednky pro p\u0159id\u011blen\u00ed titulu \u010desk\u00fd \u0161ampion.<\/p>\n<p>Na v\u00fdstav\u011b jsme potkaly Majin\u00e9ho bratra z vrhu Ambera (Foster&#8217;s Lord Amber), kter\u00fd \u017eije v N\u011bmecku.<!--:--><!--:en-->I&#8217;ve entered <a title=\"Maja\" href=\"http:\/\/www.ambershades.cz\/en\/feny\/maja\/\">Maja <\/a>to this year&#8217;s last show (and probably for some longer time last show) in \u010cesk\u00e9 Bud\u011bjovice. The poodles were judged by a breed specialist Sanda Kekez-Veseli\u010d. Maja got in open class excellent 1 CAC and fulfilled conditions for the Czech champion title.<\/p>\n<p><img loading=\"lazy\" decoding=\"async\" class=\"aligncenter size-medium wp-image-577\" alt=\"maja-cb\" src=\"http:\/\/www.ambershades.cz\/wp-content\/uploads\/2014\/09\/maja-cb-300x225.jpg\" width=\"300\" height=\"225\" srcset=\"https:\/\/www.ambershades.cz\/wp-content\/uploads\/2014\/09\/maja-cb-300x225.jpg 300w, https:\/\/www.ambershades.cz\/wp-content\/uploads\/2014\/09\/maja-cb-400x300.jpg 400w, https:\/\/www.ambershades.cz\/wp-content\/uploads\/2014\/09\/maja-cb.jpg 720w\" sizes=\"auto, (max-width: 300px) 100vw, 300px\" \/><\/p>\n<p>We met there Maja&#8217;s litter brother Amber (Foster&#8217;s Lord Amber), who lives with his owner in Germany.<!--:--><\/p>","protected":false},"excerpt":{"rendered":"<p>Jako leto\u0161n\u00ed posledn\u00ed v\u00fdstavu (a nejsp\u00ed\u0161 i na del\u0161\u00ed dobu posledn\u00ed v\u00fdstavu) jsem Maju p\u0159ihl\u00e1sila do \u010cesk\u00fdch Bud\u011bjovic na mezin\u00e1rodku.&hellip;<\/p>","protected":false},"author":1,"featured_media":0,"comment_status":"closed","ping_status":"open","sticky":false,"template":"","format":"standard","meta":{"_monsterinsights_skip_tracking":false,"footnotes":""},"categories":[1],"tags":[7,16],"class_list":["post-556","post","type-post","status-publish","format-standard","hentry","category-blog","tag-cacib","tag-maja","no-post-thumbnail"],"_links":{"self":[{"href":"https:\/\/www.ambershades.cz\/en\/wp-json\/wp\/v2\/posts\/556","targetHints":{"allow":["GET"]}}],"collection":[{"href":"https:\/\/www.ambershades.cz\/en\/wp-json\/wp\/v2\/posts"}],"about":[{"href":"https:\/\/www.ambershades.cz\/en\/wp-json\/wp\/v2\/types\/post"}],"author":[{"embeddable":true,"href":"https:\/\/www.ambershades.cz\/en\/wp-json\/wp\/v2\/users\/1"}],"replies":[{"embeddable":true,"href":"https:\/\/www.ambershades.cz\/en\/wp-json\/wp\/v2\/comments?post=556"}],"version-history":[{"count":4,"href":"https:\/\/www.ambershades.cz\/en\/wp-json\/wp\/v2\/posts\/556\/revisions"}],"predecessor-version":[{"id":578,"href":"https:\/\/www.ambershades.cz\/en\/wp-json\/wp\/v2\/posts\/556\/revisions\/578"}],"wp:attachment":[{"href":"https:\/\/www.ambershades.cz\/en\/wp-json\/wp\/v2\/media?parent=556"}],"wp:term":[{"taxonomy":"category","embeddable":true,"href":"https:\/\/www.ambershades.cz\/en\/wp-json\/wp\/v2\/categories?post=556"},{"taxonomy":"post_tag","embeddable":true,"href":"https:\/\/www.ambershades.cz\/en\/wp-json\/wp\/v2\/tags?post=556"}],"curies":[{"name":"wp","href":"https:\/\/api.w.org\/{rel}","templated":true}]}}