{"id":66,"date":"2011-01-22T09:13:56","date_gmt":"2011-01-22T09:13:56","guid":{"rendered":"http:\/\/ambershades.cz\/?p=66"},"modified":"2018-05-15T11:15:24","modified_gmt":"2018-05-15T11:15:24","slug":"mezinarodni-vystava-trencin-sk","status":"publish","type":"post","link":"https:\/\/www.ambershades.cz\/en\/mezinarodni-vystava-trencin-sk\/","title":{"rendered":"<!--:cs-->Mezin\u00e1rodn\u00ed v\u00fdstava Tren\u010d\u00edn (SK)<!--:--><!--:en-->International Dog Show Tren\u010d\u00edn (SK)<!--:-->"},"content":{"rendered":"<p><!--:cs--><span style=\"color: #888888;\">Rozhod\u010d\u00ed: Zdenka J\u00edlkov\u00e1 (CZ)<\/span><\/p>\n<p><span style=\"color: #888888;\">Charlie v mezit\u0159\u00edd\u011b V1, CAC SK, R. CACIB<\/span><\/p>\n<blockquote><p><span style=\"color: #888888;\">\u00a02 ro\u010dn\u00fd pes, pekn\u00e1 hlava, v\u00fdborn\u00e9 oko, dobro utvoren\u00fd hrudn\u00edk, dobre utvoren\u00e1 horn\u00e1 linia, temperamentn\u00e9 predvedenie.<\/span><\/p><\/blockquote>\n<p><span style=\"color: #888888;\"><i><\/i><span style=\"font-family: 'Arial Unicode MS';\"><br \/>\nP\u0159elo\u017e\u00edm do \u010de\u0161tiny &#8222;temperamentn\u00e9 predvedenie&#8220;. P\u016fvodn\u011b jsem si myslela, \u017ee m\u00e1 Charlie akutn\u00ed pubert\u00e1ln\u00ed z\u00e1chvat &#8211; necht\u011bl v kruhu st\u00e1t, p\u0159i b\u011bh\u00e1n\u00ed po\u0159\u00e1d poskakoval. Kdy\u017e jsme b\u011bheli o CACIBa, tak dokonce po odb\u011bhnut\u00ed kole\u010dka ud\u011blal ve vzduchu oto\u010dku za dal\u0161\u00edm psem (stylem &#8222;tak u\u017e jsem si zab\u011bhal, te\u010f si p\u016fjdem hr\u00e1t&#8220;). Po t\u0159ech dnes po v\u00fdstav\u011b, kdy se se mnou chlapec nebavil mi do\u0161lo, \u017ee se tak stra\u0161n\u011b na na\u0161\u00ed prvn\u00ed leto\u0161n\u00ed v\u00fdstavu t\u011b\u0161il, \u017ee se sna\u017eil p\u0159edv\u00e9st co nejl\u00e9pe. Samoz\u0159ejm\u011b se jeho &#8222;v\u00fdborn\u00e9&#8220; p\u0159edveden\u00ed moc neshodovalo s m\u00fdmi p\u0159edstavami. Mysl\u00edm, \u017ee za um\u00edst\u011bn\u00ed m\u016f\u017eeme b\u00fdt r\u00e1di. Kolikr\u00e1t n\u00e1s vyhodili v prvn\u00edm kole p\u0159edv\u00e1d\u011bn\u00ed za men\u0161\u00ed bordel, a my jsme p\u0159ivezli r. CACIBa. Kdo by se cht\u011bl zasm\u00e1t, doporu\u010duji druh\u00e9 video\u00a0<a href=\"https:\/\/picasaweb.google.com\/111216677563557006579\" target=\"_blank\"><span style=\"color: #888888;\">v na\u0161\u00ed internetov\u00e9 galerii fotek<\/span><\/a>.<\/span><\/span><\/p>\n<table style=\"width: 194px;\">\n<tbody>\n<tr>\n<td style=\"height: 194px; background: url('https:\/\/www.gstatic.com\/pwa\/s\/v\/lighthousefe_132.04\/transparent_album_background.gif') no-repeat left;\" align=\"center\"><a href=\"https:\/\/picasaweb.google.com\/111216677563557006579\/MVPTrencinLeden2011?authuser=0&amp;feat=embedwebsite\"><img loading=\"lazy\" decoding=\"async\" style=\"margin: 1px 0 0 4px;\" alt=\"\" src=\"https:\/\/lh4.googleusercontent.com\/-mWEkpOqlq_M\/TX4nftb8x_E\/AAAAAAAACYw\/mgVriWPg3yc\/s160-c\/MVPTrencinLeden2011.jpg\" width=\"160\" height=\"160\" \/><\/a><\/td>\n<\/tr>\n<tr>\n<td style=\"text-align: center; font-family: arial,sans-serif; font-size: 11px;\"><a style=\"color: #4d4d4d; font-weight: bold; text-decoration: none;\" href=\"https:\/\/picasaweb.google.com\/111216677563557006579\/MVPTrencinLeden2011?authuser=0&amp;feat=embedwebsite\">MVP Tren\u010d\u00edn leden 2011<\/a><\/td>\n<\/tr>\n<\/tbody>\n<\/table>\n<p><!--:--><!--:en-->Judge: Zdenka J\u00edlkov\u00e1 (CZ)<\/p>\n<p>Charlie in intermediate class Ex. 1 CAC SK R. CACIB<\/p>\n<p>&nbsp;<\/p>\n<table style=\"width:194px;\">\n<tr>\n<td align=\"center\" style=\"height:194px;background:url(https:\/\/www.gstatic.com\/pwa\/s\/v\/lighthousefe_132.04\/transparent_album_background.gif) no-repeat left\"><a href=\"https:\/\/picasaweb.google.com\/111216677563557006579\/MVPTrencinLeden2011?authuser=0&#038;feat=embedwebsite\"><img loading=\"lazy\" decoding=\"async\" src=\"https:\/\/lh4.googleusercontent.com\/-mWEkpOqlq_M\/TX4nftb8x_E\/AAAAAAAACYw\/mgVriWPg3yc\/s160-c\/MVPTrencinLeden2011.jpg\" width=\"160\" height=\"160\" style=\"margin:1px 0 0 4px;\"><\/a><\/td>\n<\/tr>\n<tr>\n<td style=\"text-align:center;font-family:arial,sans-serif;font-size:11px\"><a href=\"https:\/\/picasaweb.google.com\/111216677563557006579\/MVPTrencinLeden2011?authuser=0&#038;feat=embedwebsite\" style=\"color:#4D4D4D;font-weight:bold;text-decoration:none;\">MVP Tren\u010d\u00edn leden 2011<\/a><\/td>\n<\/tr>\n<\/table>\n<p><!--:--><\/p>","protected":false},"excerpt":{"rendered":"<p>Rozhod\u010d\u00ed: Zdenka J\u00edlkov\u00e1 (CZ) Charlie v mezit\u0159\u00edd\u011b V1, CAC SK, R. CACIB \u00a02 ro\u010dn\u00fd pes, pekn\u00e1 hlava, v\u00fdborn\u00e9 oko, dobro&hellip;<\/p>","protected":false},"author":1,"featured_media":0,"comment_status":"closed","ping_status":"open","sticky":false,"template":"","format":"standard","meta":{"_monsterinsights_skip_tracking":false,"footnotes":""},"categories":[1],"tags":[],"class_list":["post-66","post","type-post","status-publish","format-standard","hentry","category-blog","no-post-thumbnail"],"_links":{"self":[{"href":"https:\/\/www.ambershades.cz\/en\/wp-json\/wp\/v2\/posts\/66","targetHints":{"allow":["GET"]}}],"collection":[{"href":"https:\/\/www.ambershades.cz\/en\/wp-json\/wp\/v2\/posts"}],"about":[{"href":"https:\/\/www.ambershades.cz\/en\/wp-json\/wp\/v2\/types\/post"}],"author":[{"embeddable":true,"href":"https:\/\/www.ambershades.cz\/en\/wp-json\/wp\/v2\/users\/1"}],"replies":[{"embeddable":true,"href":"https:\/\/www.ambershades.cz\/en\/wp-json\/wp\/v2\/comments?post=66"}],"version-history":[{"count":6,"href":"https:\/\/www.ambershades.cz\/en\/wp-json\/wp\/v2\/posts\/66\/revisions"}],"predecessor-version":[{"id":72,"href":"https:\/\/www.ambershades.cz\/en\/wp-json\/wp\/v2\/posts\/66\/revisions\/72"}],"wp:attachment":[{"href":"https:\/\/www.ambershades.cz\/en\/wp-json\/wp\/v2\/media?parent=66"}],"wp:term":[{"taxonomy":"category","embeddable":true,"href":"https:\/\/www.ambershades.cz\/en\/wp-json\/wp\/v2\/categories?post=66"},{"taxonomy":"post_tag","embeddable":true,"href":"https:\/\/www.ambershades.cz\/en\/wp-json\/wp\/v2\/tags?post=66"}],"curies":[{"name":"wp","href":"https:\/\/api.w.org\/{rel}","templated":true}]}}